{"id":38116,"date":"2018-11-21T01:12:04","date_gmt":"2018-11-21T06:12:04","guid":{"rendered":"http:\/\/elinformanteperu.com\/?p=38116"},"modified":"2018-11-21T01:12:04","modified_gmt":"2018-11-21T06:12:04","slug":"inpe-dice-que-clasificacion-de-internas-es-decidida-por-junta-de-especialistas","status":"publish","type":"post","link":"https:\/\/elinformanteperu.com\/index.php\/2018\/11\/21\/inpe-dice-que-clasificacion-de-internas-es-decidida-por-junta-de-especialistas\/","title":{"rendered":"INPE dice que clasificaci\u00f3n de internas es decidida por junta de especialistas"},"content":{"rendered":"<p><strong><span style=\"color: #000000;\">El INPE precis\u00f3 que la clasificaci\u00f3n de internos es determinada por la Junta Aut\u00f3noma de Especialistas de esa instituci\u00f3n, en referencia al caso de Ana Herz.<\/span><\/strong><\/p>\n<p><span style=\"color: #000000;\"><strong>Lima, 20 de Noviembre 2018, (ANDINA).-<\/strong> El Instituto Nacional Penitenciario (INPE) precis\u00f3 que la clasificaci\u00f3n de internos es determinada por la Junta Aut\u00f3noma de Especialistas de esa instituci\u00f3n, en referencia al caso de Ana Herz, asesora de Keiko Fujimori, recluida en el penal Anexo de Chorrillos.<\/span><\/p>\n<p><span style=\"color: #000000;\">En un comunicado, el INPE inform\u00f3 que actualmente la mencionada interna se encuentra recluida en el alero 1\u00aa del primer piso del pabell\u00f3n B, junto a otras 14 personas, entre quienes se encuentran adultas mayores y madres con sus hijos menores de tres a\u00f1os.<\/span><\/p>\n<p><span style=\"color: #000000;\">Anot\u00f3 que la capacidad del mencionado alero es para 16 personas.<\/span><\/p>\n<p><span style=\"color: #000000;\">Asimismo, se\u00f1al\u00f3 que, entre el 16 y 19 de noviembre, Herz permaneci\u00f3 en el \u00e1rea de prevenci\u00f3n del penal hasta que fue clasificada al pabell\u00f3n B por la \u00fanica instancia competente y aut\u00f3noma para estos efectos. Es decir, una Junta de Clasificaci\u00f3n integrada por tres profesionales: una abogada, una psic\u00f3loga y una trabajadora social.<\/span><\/p>\n<p><span style=\"color: #000000;\">El INPE recalc\u00f3 que la clasificaci\u00f3n de los internos obedece a factores relacionados a su seguridad, al delito y a su perfil psicosocial, y no a factores u opiniones externas, permitiendo su ubicaci\u00f3n en un pabell\u00f3n para las acciones de tratamiento correspondiente.<\/span><\/p>\n<p><span style=\"color: #000000;\">La instituci\u00f3n penitenciaria reiter\u00f3 su compromiso de garantizar la seguridad, integridad f\u00edsica y atenci\u00f3n m\u00e9dica de la poblaci\u00f3n penal.<\/span><\/p>\n","protected":false},"excerpt":{"rendered":"<p>El INPE precis\u00f3 que la clasificaci\u00f3n de internos es determinada por la Junta Aut\u00f3noma de Especialistas de esa instituci\u00f3n, en referencia al caso de Ana Herz. Lima, 20 de Noviembre 2018, (ANDINA).- El Instituto Nacional Penitenciario (INPE) precis\u00f3 que la clasificaci\u00f3n de internos es determinada por la Junta Aut\u00f3noma de Especialistas de esa instituci\u00f3n, en [&hellip;]<\/p>\n","protected":false},"author":1,"featured_media":38118,"comment_status":"open","ping_status":"open","sticky":false,"template":"","format":"standard","meta":{"rop_custom_images_group":[],"rop_custom_messages_group":[],"rop_publish_now":"initial","rop_publish_now_accounts":[],"rop_publish_now_history":[],"rop_publish_now_status":"pending","footnotes":""},"categories":[5],"tags":[3671,1012,557],"class_list":["post-38116","post","type-post","status-publish","format-standard","has-post-thumbnail","hentry","category-actualidad-informativa","tag-ana-herz","tag-inpe","tag-keiko-fujimori"],"_links":{"self":[{"href":"https:\/\/elinformanteperu.com\/index.php\/wp-json\/wp\/v2\/posts\/38116","targetHints":{"allow":["GET"]}}],"collection":[{"href":"https:\/\/elinformanteperu.com\/index.php\/wp-json\/wp\/v2\/posts"}],"about":[{"href":"https:\/\/elinformanteperu.com\/index.php\/wp-json\/wp\/v2\/types\/post"}],"author":[{"embeddable":true,"href":"https:\/\/elinformanteperu.com\/index.php\/wp-json\/wp\/v2\/users\/1"}],"replies":[{"embeddable":true,"href":"https:\/\/elinformanteperu.com\/index.php\/wp-json\/wp\/v2\/comments?post=38116"}],"version-history":[{"count":1,"href":"https:\/\/elinformanteperu.com\/index.php\/wp-json\/wp\/v2\/posts\/38116\/revisions"}],"predecessor-version":[{"id":38119,"href":"https:\/\/elinformanteperu.com\/index.php\/wp-json\/wp\/v2\/posts\/38116\/revisions\/38119"}],"wp:featuredmedia":[{"embeddable":true,"href":"https:\/\/elinformanteperu.com\/index.php\/wp-json\/wp\/v2\/media\/38118"}],"wp:attachment":[{"href":"https:\/\/elinformanteperu.com\/index.php\/wp-json\/wp\/v2\/media?parent=38116"}],"wp:term":[{"taxonomy":"category","embeddable":true,"href":"https:\/\/elinformanteperu.com\/index.php\/wp-json\/wp\/v2\/categories?post=38116"},{"taxonomy":"post_tag","embeddable":true,"href":"https:\/\/elinformanteperu.com\/index.php\/wp-json\/wp\/v2\/tags?post=38116"}],"curies":[{"name":"wp","href":"https:\/\/api.w.org\/{rel}","templated":true}]}}