{"id":38113,"date":"2018-11-21T01:08:29","date_gmt":"2018-11-21T06:08:29","guid":{"rendered":"http:\/\/elinformanteperu.com\/?p=38113"},"modified":"2018-11-21T01:08:29","modified_gmt":"2018-11-21T06:08:29","slug":"fiscal-existe-una-campana-de-desinformacion-en-allanamiento-de-fiscalia","status":"publish","type":"post","link":"https:\/\/elinformanteperu.com\/index.php\/2018\/11\/21\/fiscal-existe-una-campana-de-desinformacion-en-allanamiento-de-fiscalia\/","title":{"rendered":"Fiscal: Existe una campa\u00f1a de desinformaci\u00f3n en allanamiento de fiscal\u00eda"},"content":{"rendered":"<p><strong><span style=\"color: #000000;\">El fiscal Jos\u00e9 Domingo P\u00e9rez, afirm\u00f3 que existe una campa\u00f1a de desinformaci\u00f3n, respecto al allanamiento realizado al estudio de abogados Or\u00e9 Guardia.<\/span><\/strong><\/p>\n<p><span style=\"color: #000000;\"><strong>Lima, 20 de Noviembre 2018, (ANDINA).-<\/strong> El fiscal Jos\u00e9 Domingo P\u00e9rez, afirm\u00f3 que existe una campa\u00f1a de desinformaci\u00f3n, respecto al allanamiento realizado al estudio de abogados Or\u00e9 Guardia y aclar\u00f3 que s\u00f3lo se verific\u00f3 documentaci\u00f3n contable.<\/span><\/p>\n<p><span style=\"color: #000000;\">Tras realizar la diligencia, el fiscal afirm\u00f3 que sale a declarar a la prensa, pues se viene distorsionando el trabajo que vienen haciendo.<\/span><\/p>\n<p><span style=\"color: #000000;\">\u201cTengo que informar porque parece que hay una campa\u00f1a de desorientaci\u00f3n en cuanto a la funci\u00f3n que estamos realizando en este momento, estamos verificando la documentaci\u00f3n contable y administrativa. Vuelvo a reiterar, no estamos revisando documentaci\u00f3n del ejercicio propio de la defensa de los abogados de este estudio\u201d, dijo.<\/span><\/p>\n<p><span style=\"color: #000000;\">El fiscal subray\u00f3 que no se est\u00e1 revisando nada respecto al secreto profesional de este estudio.<\/span><\/p>\n<p><span style=\"color: #000000;\">Indic\u00f3 que en la diligencia, donde se revis\u00f3 informaci\u00f3n administrativa, se encontr\u00f3 documentaci\u00f3n referida al investigado Vicente Silva Checa, que habr\u00eda sido contratado por este estudio, de acuerdo con el registro de pagos que ser\u00edan por 10,000 d\u00f3lares, durante varios meses.<\/span><\/p>\n<p><span style=\"color: #000000;\">\u201cTambi\u00e9n se hall\u00f3 documentaci\u00f3n de Fuerza Popular que contrata los servicios de este estudio, y este estudio termina contratando luego a Vicente Silva Checa\u201d, dijo Jos\u00e9 Domingo P\u00e9rez a la prensa.<\/span><\/p>\n<p><span style=\"color: #000000;\">Indic\u00f3 que la documentaci\u00f3n administrativa contable permite corroborar que diversos abogados habr\u00edan conminado la voluntad de testigos y aportantes, y que estos eran empleados de este estudio.<\/span><\/p>\n<p><span style=\"color: #000000;\">\u201cSe han hallado recibos por honorarios, documentaci\u00f3n contable, se har\u00e1 las actas correspondientes\u201d, destac\u00f3.<\/span><\/p>\n","protected":false},"excerpt":{"rendered":"<p>El fiscal Jos\u00e9 Domingo P\u00e9rez, afirm\u00f3 que existe una campa\u00f1a de desinformaci\u00f3n, respecto al allanamiento realizado al estudio de abogados Or\u00e9 Guardia. Lima, 20 de Noviembre 2018, (ANDINA).- El fiscal Jos\u00e9 Domingo P\u00e9rez, afirm\u00f3 que existe una campa\u00f1a de desinformaci\u00f3n, respecto al allanamiento realizado al estudio de abogados Or\u00e9 Guardia y aclar\u00f3 que s\u00f3lo se [&hellip;]<\/p>\n","protected":false},"author":1,"featured_media":36330,"comment_status":"open","ping_status":"open","sticky":false,"template":"","format":"standard","meta":{"rop_custom_images_group":[],"rop_custom_messages_group":[],"rop_publish_now":"initial","rop_publish_now_accounts":[],"rop_publish_now_history":[],"rop_publish_now_status":"pending","footnotes":""},"categories":[5],"tags":[430,2568],"class_list":["post-38113","post","type-post","status-publish","format-standard","has-post-thumbnail","hentry","category-actualidad-informativa","tag-fiscalia","tag-jose-domingo-perez"],"_links":{"self":[{"href":"https:\/\/elinformanteperu.com\/index.php\/wp-json\/wp\/v2\/posts\/38113","targetHints":{"allow":["GET"]}}],"collection":[{"href":"https:\/\/elinformanteperu.com\/index.php\/wp-json\/wp\/v2\/posts"}],"about":[{"href":"https:\/\/elinformanteperu.com\/index.php\/wp-json\/wp\/v2\/types\/post"}],"author":[{"embeddable":true,"href":"https:\/\/elinformanteperu.com\/index.php\/wp-json\/wp\/v2\/users\/1"}],"replies":[{"embeddable":true,"href":"https:\/\/elinformanteperu.com\/index.php\/wp-json\/wp\/v2\/comments?post=38113"}],"version-history":[{"count":1,"href":"https:\/\/elinformanteperu.com\/index.php\/wp-json\/wp\/v2\/posts\/38113\/revisions"}],"predecessor-version":[{"id":38115,"href":"https:\/\/elinformanteperu.com\/index.php\/wp-json\/wp\/v2\/posts\/38113\/revisions\/38115"}],"wp:featuredmedia":[{"embeddable":true,"href":"https:\/\/elinformanteperu.com\/index.php\/wp-json\/wp\/v2\/media\/36330"}],"wp:attachment":[{"href":"https:\/\/elinformanteperu.com\/index.php\/wp-json\/wp\/v2\/media?parent=38113"}],"wp:term":[{"taxonomy":"category","embeddable":true,"href":"https:\/\/elinformanteperu.com\/index.php\/wp-json\/wp\/v2\/categories?post=38113"},{"taxonomy":"post_tag","embeddable":true,"href":"https:\/\/elinformanteperu.com\/index.php\/wp-json\/wp\/v2\/tags?post=38113"}],"curies":[{"name":"wp","href":"https:\/\/api.w.org\/{rel}","templated":true}]}}