{"id":38109,"date":"2018-11-21T01:06:57","date_gmt":"2018-11-21T06:06:57","guid":{"rendered":"http:\/\/elinformanteperu.com\/?p=38109"},"modified":"2018-11-21T01:37:47","modified_gmt":"2018-11-21T06:37:47","slug":"dictan-36-meses-de-prision-preventiva-para-giancarlo-bertini-2","status":"publish","type":"post","link":"https:\/\/elinformanteperu.com\/index.php\/2018\/11\/21\/dictan-36-meses-de-prision-preventiva-para-giancarlo-bertini-2\/","title":{"rendered":"Pedido de asilo de Alan Garc\u00eda no afectar\u00eda a la econom\u00eda"},"content":{"rendered":"<p><span style=\"color: #000000;\"><strong>El presidente del BCR, Julio Velarde, se\u00f1al\u00f3 que el pedido de asilo diplom\u00e1tico a la Embajada de Uruguay por parte de Alan Garc\u00eda no afectar\u00eda la econom\u00eda peruana.<\/strong><\/span><\/p>\n<p><span style=\"color: #000000;\"><strong>Lima, 20 de Noviembre 2018, (ANDINA).-<\/strong> El presidente del Banco Central de Reserva del Per\u00fa, Julio Velarde, se\u00f1al\u00f3 que el pedido de asilo diplom\u00e1tico a la Embajada de Uruguay por parte de Alan Garc\u00eda no afectar\u00eda la econom\u00eda peruana.<\/span><\/p>\n<p><span style=\"color: #000000;\">\u00abNo creo que afecte mucho el pedido de asilo a la econom\u00eda en absoluto. Lo va a haber es un problema que exist\u00eda: el esc\u00e1ndalo de los audios judiciales, que ha demostrado que se necesita hacer una reforma profunda\u00bb, sostuvo.<\/span><\/p>\n<p><span style=\"color: #000000;\">Asimismo se refiri\u00f3 al conjunto de juicios que se llevan a cabo actualmente. Estos, indic\u00f3 Julio Velarde, pueden servir para limpiar la corrupci\u00f3n en el p\u00fablico.<\/span><\/p>\n<p><span style=\"color: #000000;\">\u00abNo quiero hablar de un caso en particular, porque siempre estar\u00e1 la presunci\u00f3n de inocencia. Pero, obviamente, queremos que todo funcionario que haya sido corrupto sea enjuiciado y sancionado\u00bb, sostuvo.<\/span><\/p>\n<p><span style=\"color: #000000;\">Como se recuerda, Alan Garc\u00eda pidi\u00f3 asilo diplom\u00e1tico el pasado fin de semana, luego de que se dictara la orden de impedimento del pa\u00eds por 36 meses en su contra.<\/span><\/p>\n","protected":false},"excerpt":{"rendered":"<p>El presidente del BCR, Julio Velarde, se\u00f1al\u00f3 que el pedido de asilo diplom\u00e1tico a la Embajada de Uruguay por parte de Alan Garc\u00eda no afectar\u00eda la econom\u00eda peruana. Lima, 20 de Noviembre 2018, (ANDINA).- El presidente del Banco Central de Reserva del Per\u00fa, Julio Velarde, se\u00f1al\u00f3 que el pedido de asilo diplom\u00e1tico a la Embajada [&hellip;]<\/p>\n","protected":false},"author":1,"featured_media":38111,"comment_status":"open","ping_status":"open","sticky":false,"template":"","format":"standard","meta":{"rop_custom_images_group":[],"rop_custom_messages_group":[],"rop_publish_now":"initial","rop_publish_now_accounts":[],"rop_publish_now_history":[],"rop_publish_now_status":"pending","footnotes":""},"categories":[5],"tags":[854,703,3842],"class_list":["post-38109","post","type-post","status-publish","format-standard","has-post-thumbnail","hentry","category-actualidad-informativa","tag-alan-garcia","tag-bcr","tag-julio-velarde"],"_links":{"self":[{"href":"https:\/\/elinformanteperu.com\/index.php\/wp-json\/wp\/v2\/posts\/38109","targetHints":{"allow":["GET"]}}],"collection":[{"href":"https:\/\/elinformanteperu.com\/index.php\/wp-json\/wp\/v2\/posts"}],"about":[{"href":"https:\/\/elinformanteperu.com\/index.php\/wp-json\/wp\/v2\/types\/post"}],"author":[{"embeddable":true,"href":"https:\/\/elinformanteperu.com\/index.php\/wp-json\/wp\/v2\/users\/1"}],"replies":[{"embeddable":true,"href":"https:\/\/elinformanteperu.com\/index.php\/wp-json\/wp\/v2\/comments?post=38109"}],"version-history":[{"count":2,"href":"https:\/\/elinformanteperu.com\/index.php\/wp-json\/wp\/v2\/posts\/38109\/revisions"}],"predecessor-version":[{"id":38125,"href":"https:\/\/elinformanteperu.com\/index.php\/wp-json\/wp\/v2\/posts\/38109\/revisions\/38125"}],"wp:featuredmedia":[{"embeddable":true,"href":"https:\/\/elinformanteperu.com\/index.php\/wp-json\/wp\/v2\/media\/38111"}],"wp:attachment":[{"href":"https:\/\/elinformanteperu.com\/index.php\/wp-json\/wp\/v2\/media?parent=38109"}],"wp:term":[{"taxonomy":"category","embeddable":true,"href":"https:\/\/elinformanteperu.com\/index.php\/wp-json\/wp\/v2\/categories?post=38109"},{"taxonomy":"post_tag","embeddable":true,"href":"https:\/\/elinformanteperu.com\/index.php\/wp-json\/wp\/v2\/tags?post=38109"}],"curies":[{"name":"wp","href":"https:\/\/api.w.org\/{rel}","templated":true}]}}