{"id":38106,"date":"2018-11-21T01:03:01","date_gmt":"2018-11-21T06:03:01","guid":{"rendered":"http:\/\/elinformanteperu.com\/?p=38106"},"modified":"2018-11-21T01:03:01","modified_gmt":"2018-11-21T06:03:01","slug":"dictan-36-meses-de-prision-preventiva-para-giancarlo-bertini","status":"publish","type":"post","link":"https:\/\/elinformanteperu.com\/index.php\/2018\/11\/21\/dictan-36-meses-de-prision-preventiva-para-giancarlo-bertini\/","title":{"rendered":"Dictan 36 meses de prisi\u00f3n preventiva para Giancarlo Bertini"},"content":{"rendered":"<p><strong><span style=\"color: #000000;\">Se dict\u00f3 36 meses de prisi\u00f3n preventiva contra Giancarlo Bertini, quien es sindicado como uno de los encargados de camuflar los aportes il\u00edcitos en la campa\u00f1a de Fuerza 2011 (hoy Fuerza Popular).<\/span><\/strong><\/p>\n<p><span style=\"color: #000000;\"><strong>Lima, 20 de Noviembre 2018, (ANDINA).-<\/strong> El juez Richard Concepci\u00f3n Carhuancho dict\u00f3 36 meses de prisi\u00f3n preventiva contra Giancarlo Bertini Vivanco, quien es sindicado por la fiscal\u00eda como uno de los encargados de camuflar los aportes il\u00edcitos en la campa\u00f1a de Fuerza 2011 (hoy Fuerza Popular).<\/span><\/p>\n<p><span style=\"color: #000000;\">El magistrado orden\u00f3 la ubicaci\u00f3n y orden de captura nacional e internacional de Giancarlo Bertini, con aviso a la Interpol, debido a que no se encuentra habido.<\/span><\/p>\n<p><span style=\"color: #000000;\">Seg\u00fan Concepci\u00f3n Carhuancho, el imputado formaba parte del segundo grupo de colaboradores, que apoyaban como falsos aportantes. Adem\u00e1s, sirvi\u00f3 como captador para que otras personas depositen el dinero il\u00edcito. Como ley\u00f3 el magistrado del Poder Judicial, cerca de medio mill\u00f3n de d\u00f3lares mediante el &#8216;pitufeo&#8217;.<\/span><\/p>\n<p><span style=\"color: #000000;\">Con esta resoluci\u00f3n, ya son seis los implicados en el presunto delito de lavado de activos los que cumplen prisi\u00f3n preventiva por 36 meses: Keiko Fujimori, Vicente Silva Checa, Pier Figari, Ana Herz y Luis Mej\u00eda Lecca.<\/span><\/p>\n","protected":false},"excerpt":{"rendered":"<p>Se dict\u00f3 36 meses de prisi\u00f3n preventiva contra Giancarlo Bertini, quien es sindicado como uno de los encargados de camuflar los aportes il\u00edcitos en la campa\u00f1a de Fuerza 2011 (hoy Fuerza Popular). Lima, 20 de Noviembre 2018, (ANDINA).- El juez Richard Concepci\u00f3n Carhuancho dict\u00f3 36 meses de prisi\u00f3n preventiva contra Giancarlo Bertini Vivanco, quien es [&hellip;]<\/p>\n","protected":false},"author":1,"featured_media":36326,"comment_status":"open","ping_status":"open","sticky":false,"template":"","format":"standard","meta":{"rop_custom_images_group":[],"rop_custom_messages_group":[],"rop_publish_now":"initial","rop_publish_now_accounts":[],"rop_publish_now_history":[],"rop_publish_now_status":"pending","footnotes":""},"categories":[5],"tags":[295,3841,557,297],"class_list":["post-38106","post","type-post","status-publish","format-standard","has-post-thumbnail","hentry","category-actualidad-informativa","tag-fuerza-popular","tag-giancarlo-bertini","tag-keiko-fujimori","tag-richard-concepcion-carhuancho"],"_links":{"self":[{"href":"https:\/\/elinformanteperu.com\/index.php\/wp-json\/wp\/v2\/posts\/38106","targetHints":{"allow":["GET"]}}],"collection":[{"href":"https:\/\/elinformanteperu.com\/index.php\/wp-json\/wp\/v2\/posts"}],"about":[{"href":"https:\/\/elinformanteperu.com\/index.php\/wp-json\/wp\/v2\/types\/post"}],"author":[{"embeddable":true,"href":"https:\/\/elinformanteperu.com\/index.php\/wp-json\/wp\/v2\/users\/1"}],"replies":[{"embeddable":true,"href":"https:\/\/elinformanteperu.com\/index.php\/wp-json\/wp\/v2\/comments?post=38106"}],"version-history":[{"count":1,"href":"https:\/\/elinformanteperu.com\/index.php\/wp-json\/wp\/v2\/posts\/38106\/revisions"}],"predecessor-version":[{"id":38108,"href":"https:\/\/elinformanteperu.com\/index.php\/wp-json\/wp\/v2\/posts\/38106\/revisions\/38108"}],"wp:featuredmedia":[{"embeddable":true,"href":"https:\/\/elinformanteperu.com\/index.php\/wp-json\/wp\/v2\/media\/36326"}],"wp:attachment":[{"href":"https:\/\/elinformanteperu.com\/index.php\/wp-json\/wp\/v2\/media?parent=38106"}],"wp:term":[{"taxonomy":"category","embeddable":true,"href":"https:\/\/elinformanteperu.com\/index.php\/wp-json\/wp\/v2\/categories?post=38106"},{"taxonomy":"post_tag","embeddable":true,"href":"https:\/\/elinformanteperu.com\/index.php\/wp-json\/wp\/v2\/tags?post=38106"}],"curies":[{"name":"wp","href":"https:\/\/api.w.org\/{rel}","templated":true}]}}