{"id":38102,"date":"2018-11-21T01:00:48","date_gmt":"2018-11-21T06:00:48","guid":{"rendered":"http:\/\/elinformanteperu.com\/?p=38102"},"modified":"2018-11-21T01:00:48","modified_gmt":"2018-11-21T06:00:48","slug":"fiscalia-solicito-24-meses-de-prision-preventiva-contra-edwin-oviedo","status":"publish","type":"post","link":"https:\/\/elinformanteperu.com\/index.php\/2018\/11\/21\/fiscalia-solicito-24-meses-de-prision-preventiva-contra-edwin-oviedo\/","title":{"rendered":"Fiscal\u00eda solicit\u00f3 24 meses de prisi\u00f3n preventiva contra Edwin Oviedo"},"content":{"rendered":"<p><strong><span style=\"color: #000000;\">La Fiscal\u00eda Especializada contra la Criminalidad Organizada de Lambayeque solicit\u00f3 24 meses de prisi\u00f3n preventiva contra Edwin Oviedo.<\/span><\/strong><\/p>\n<p><span style=\"color: #000000;\"><strong>Lima, 20 de Noviembre 2018, (ANDINA).-<\/strong> La Fiscal\u00eda Especializada contra la Criminalidad Organizada de Lambayeque solicit\u00f3 24 meses de prisi\u00f3n preventiva contra el presidente de la Federaci\u00f3n Peruana de F\u00fatbol, Edwin Oviedo, por los delitos de homicidio y asociaci\u00f3n il\u00edcita.<\/span><\/p>\n<p><span style=\"color: #000000;\">El requerimiento fue formulado por el fiscal provincial, Juan Manuel Carrasco Millones, ante la existencia de fundados y graves elementos de convicci\u00f3n que vinculan a Oviedo como presunto l\u00edder de la organizaci\u00f3n criminal \u201cLos Wachiturros\u201d de Tum\u00e1n, inform\u00f3 el Ministerio P\u00fablico.<\/span><\/p>\n<p><span style=\"color: #000000;\">La fiscal\u00eda maneja la hip\u00f3tesis de que Edwin Oviedo habr\u00eda entregado alg\u00fan tipo de d\u00e1diva a C\u00e9sar Hinostroza para favorecerlo en un fallo casatorio que lo alej\u00f3 temporalmente de \u201cLos Wachiturros\u201d.<\/span><\/p>\n<p><span style=\"color: #000000;\">Dicho v\u00ednculo es uno de los argumentos del Ministerio P\u00fablico para solicitar la prisi\u00f3n preventiva.<\/span><\/p>\n<p><img fetchpriority=\"high\" decoding=\"async\" class=\"aligncenter size-full wp-image-32275\" src=\"http:\/\/elinformanteperu.com\/wp-content\/uploads\/2018\/09\/edwin-oviedo5.jpg\" alt=\"\" width=\"1800\" height=\"1213\" srcset=\"https:\/\/elinformanteperu.com\/wp-content\/uploads\/2018\/09\/edwin-oviedo5.jpg 1800w, https:\/\/elinformanteperu.com\/wp-content\/uploads\/2018\/09\/edwin-oviedo5-300x202.jpg 300w, https:\/\/elinformanteperu.com\/wp-content\/uploads\/2018\/09\/edwin-oviedo5-768x518.jpg 768w, https:\/\/elinformanteperu.com\/wp-content\/uploads\/2018\/09\/edwin-oviedo5-1024x690.jpg 1024w, https:\/\/elinformanteperu.com\/wp-content\/uploads\/2018\/09\/edwin-oviedo5-128x86.jpg 128w, https:\/\/elinformanteperu.com\/wp-content\/uploads\/2018\/09\/edwin-oviedo5-32x22.jpg 32w\" sizes=\"(max-width: 1800px) 100vw, 1800px\" \/><\/p>\n","protected":false},"excerpt":{"rendered":"<p>La Fiscal\u00eda Especializada contra la Criminalidad Organizada de Lambayeque solicit\u00f3 24 meses de prisi\u00f3n preventiva contra Edwin Oviedo. Lima, 20 de Noviembre 2018, (ANDINA).- La Fiscal\u00eda Especializada contra la Criminalidad Organizada de Lambayeque solicit\u00f3 24 meses de prisi\u00f3n preventiva contra el presidente de la Federaci\u00f3n Peruana de F\u00fatbol, Edwin Oviedo, por los delitos de homicidio [&hellip;]<\/p>\n","protected":false},"author":1,"featured_media":38104,"comment_status":"open","ping_status":"open","sticky":false,"template":"","format":"standard","meta":{"rop_custom_images_group":[],"rop_custom_messages_group":[],"rop_publish_now":"initial","rop_publish_now_accounts":[],"rop_publish_now_history":[],"rop_publish_now_status":"pending","footnotes":""},"categories":[5,8],"tags":[3376,694,163],"class_list":["post-38102","post","type-post","status-publish","format-standard","has-post-thumbnail","hentry","category-actualidad-informativa","category-disciplinas-deportivas","tag-cesar-hinostroza","tag-edwin-oviedo","tag-poder-judicial"],"_links":{"self":[{"href":"https:\/\/elinformanteperu.com\/index.php\/wp-json\/wp\/v2\/posts\/38102","targetHints":{"allow":["GET"]}}],"collection":[{"href":"https:\/\/elinformanteperu.com\/index.php\/wp-json\/wp\/v2\/posts"}],"about":[{"href":"https:\/\/elinformanteperu.com\/index.php\/wp-json\/wp\/v2\/types\/post"}],"author":[{"embeddable":true,"href":"https:\/\/elinformanteperu.com\/index.php\/wp-json\/wp\/v2\/users\/1"}],"replies":[{"embeddable":true,"href":"https:\/\/elinformanteperu.com\/index.php\/wp-json\/wp\/v2\/comments?post=38102"}],"version-history":[{"count":1,"href":"https:\/\/elinformanteperu.com\/index.php\/wp-json\/wp\/v2\/posts\/38102\/revisions"}],"predecessor-version":[{"id":38105,"href":"https:\/\/elinformanteperu.com\/index.php\/wp-json\/wp\/v2\/posts\/38102\/revisions\/38105"}],"wp:featuredmedia":[{"embeddable":true,"href":"https:\/\/elinformanteperu.com\/index.php\/wp-json\/wp\/v2\/media\/38104"}],"wp:attachment":[{"href":"https:\/\/elinformanteperu.com\/index.php\/wp-json\/wp\/v2\/media?parent=38102"}],"wp:term":[{"taxonomy":"category","embeddable":true,"href":"https:\/\/elinformanteperu.com\/index.php\/wp-json\/wp\/v2\/categories?post=38102"},{"taxonomy":"post_tag","embeddable":true,"href":"https:\/\/elinformanteperu.com\/index.php\/wp-json\/wp\/v2\/tags?post=38102"}],"curies":[{"name":"wp","href":"https:\/\/api.w.org\/{rel}","templated":true}]}}