{"id":38099,"date":"2018-11-21T00:56:33","date_gmt":"2018-11-21T05:56:33","guid":{"rendered":"http:\/\/elinformanteperu.com\/?p=38099"},"modified":"2018-11-21T00:56:33","modified_gmt":"2018-11-21T05:56:33","slug":"peru-a-uruguay-no-existe-persecucion-politica-de-ningun-tipo","status":"publish","type":"post","link":"https:\/\/elinformanteperu.com\/index.php\/2018\/11\/21\/peru-a-uruguay-no-existe-persecucion-politica-de-ningun-tipo\/","title":{"rendered":"Per\u00fa a Uruguay: no existe persecuci\u00f3n pol\u00edtica de ning\u00fan tipo"},"content":{"rendered":"<p><span style=\"color: #000000;\"><strong>La Canciller\u00eda convoc\u00f3 al embajador de Uruguay para entregarle una Nota Diplom\u00e1tica a trav\u00e9s de la cual recalca que en el Per\u00fa no existe persecuci\u00f3n pol\u00edtica.<\/strong><\/span><\/p>\n<p><span style=\"color: #000000;\"><strong>Lima, 20 de Noviembre 2018, (ANDINA).-<\/strong> La Canciller\u00eda convoc\u00f3 al embajador de Uruguay, Carlos Barros, para entregarle una Nota Diplom\u00e1tica a trav\u00e9s de la cual recalca que en el Per\u00fa no existe persecuci\u00f3n pol\u00edtica de ning\u00fan tipo.<\/span><\/p>\n<p><span style=\"color: #000000;\">En la Nota Diplom\u00e1tica sobre la solicitud de asilo diplom\u00e1tico presentada por el expresidente Alan Garc\u00eda P\u00e9rez, la Canciller\u00eda sostiene que en el Per\u00fa impera la democracia, el estado de derecho y la separaci\u00f3n de poderes, as\u00ed como la plena vigencia de los derechos humanos y libertades fundamentales.<\/span><\/p>\n<p><span style=\"color: #000000;\">\u201cPuntualiza que en nuestro pa\u00eds no existe persecuci\u00f3n pol\u00edtica de ning\u00fan tipo. Asimismo, precisa que el Poder Judicial y el Ministerio P\u00fablico han actuado en el caso del expresidente Garc\u00eda con respeto estricto al debido proceso y a todas las garant\u00edas de la administraci\u00f3n de justicia\u201d, se\u00f1ala.<\/span><\/p>\n<p><span style=\"color: #000000;\">Asimismo, seg\u00fan informa la Canciller\u00eda, la comunicaci\u00f3n oficial resalta que el Compromiso de Lima \u201cGobernabilidad Democr\u00e1tica frente a la Corrupci\u00f3n\u201d, adoptada durante la Cumbre de las Am\u00e9ricas celebrada en Lima en abril de este a\u00f1o, recoge el compromiso de los pa\u00edses de Am\u00e9rica, entre ellos Uruguay y Per\u00fa, de adoptar las medidas necesarias para luchar contra la corrupci\u00f3n y cooperar en esa tarea.<\/span><\/p>\n<p><span style=\"color: #000000;\">En dicho compromiso tambi\u00e9n se acord\u00f3 de manera expresa respetar la autonom\u00eda de las instituciones que investigan posibles casos de corrupci\u00f3n.<\/span><\/p>\n<p><span style=\"color: #000000;\">\u201cLa Nota tambi\u00e9n se\u00f1ala que Uruguay y el Per\u00fa son Estados parte de la Convenci\u00f3n Interamericana contra la Corrupci\u00f3n de 1996, cuyo objetivo es precisamente fortalecer los mecanismos anticorrupci\u00f3n para defender a las instituciones democr\u00e1ticas de sus efectos corrosivos\u201d, se\u00f1ala la nota.<\/span><\/p>\n<p><span style=\"color: #000000;\">\u201cA fin de que el Gobierno de la Rep\u00fablica Oriental del Uruguay cuente con todos los elementos objetivos que le permitan un an\u00e1lisis completo de la situaci\u00f3n legal del ex Presidente Garc\u00eda, la Nota entregada ha sido acompa\u00f1ada de un documento explicativo elaborado por el Ministerio de Justicia y Derechos Humanos\u201d, concluye.<\/span><\/p>\n","protected":false},"excerpt":{"rendered":"<p>La Canciller\u00eda convoc\u00f3 al embajador de Uruguay para entregarle una Nota Diplom\u00e1tica a trav\u00e9s de la cual recalca que en el Per\u00fa no existe persecuci\u00f3n pol\u00edtica. Lima, 20 de Noviembre 2018, (ANDINA).- La Canciller\u00eda convoc\u00f3 al embajador de Uruguay, Carlos Barros, para entregarle una Nota Diplom\u00e1tica a trav\u00e9s de la cual recalca que en el [&hellip;]<\/p>\n","protected":false},"author":1,"featured_media":5870,"comment_status":"open","ping_status":"open","sticky":false,"template":"","format":"standard","meta":{"rop_custom_images_group":[],"rop_custom_messages_group":[],"rop_publish_now":"initial","rop_publish_now_accounts":[],"rop_publish_now_history":[],"rop_publish_now_status":"pending","footnotes":""},"categories":[5],"tags":[854,294,174],"class_list":["post-38099","post","type-post","status-publish","format-standard","has-post-thumbnail","hentry","category-actualidad-informativa","tag-alan-garcia","tag-cancilleria","tag-uruguay"],"_links":{"self":[{"href":"https:\/\/elinformanteperu.com\/index.php\/wp-json\/wp\/v2\/posts\/38099","targetHints":{"allow":["GET"]}}],"collection":[{"href":"https:\/\/elinformanteperu.com\/index.php\/wp-json\/wp\/v2\/posts"}],"about":[{"href":"https:\/\/elinformanteperu.com\/index.php\/wp-json\/wp\/v2\/types\/post"}],"author":[{"embeddable":true,"href":"https:\/\/elinformanteperu.com\/index.php\/wp-json\/wp\/v2\/users\/1"}],"replies":[{"embeddable":true,"href":"https:\/\/elinformanteperu.com\/index.php\/wp-json\/wp\/v2\/comments?post=38099"}],"version-history":[{"count":1,"href":"https:\/\/elinformanteperu.com\/index.php\/wp-json\/wp\/v2\/posts\/38099\/revisions"}],"predecessor-version":[{"id":38101,"href":"https:\/\/elinformanteperu.com\/index.php\/wp-json\/wp\/v2\/posts\/38099\/revisions\/38101"}],"wp:featuredmedia":[{"embeddable":true,"href":"https:\/\/elinformanteperu.com\/index.php\/wp-json\/wp\/v2\/media\/5870"}],"wp:attachment":[{"href":"https:\/\/elinformanteperu.com\/index.php\/wp-json\/wp\/v2\/media?parent=38099"}],"wp:term":[{"taxonomy":"category","embeddable":true,"href":"https:\/\/elinformanteperu.com\/index.php\/wp-json\/wp\/v2\/categories?post=38099"},{"taxonomy":"post_tag","embeddable":true,"href":"https:\/\/elinformanteperu.com\/index.php\/wp-json\/wp\/v2\/tags?post=38099"}],"curies":[{"name":"wp","href":"https:\/\/api.w.org\/{rel}","templated":true}]}}