{"id":38086,"date":"2018-11-20T20:35:54","date_gmt":"2018-11-21T01:35:54","guid":{"rendered":"http:\/\/elinformanteperu.com\/?p=38086"},"modified":"2018-11-20T20:35:54","modified_gmt":"2018-11-21T01:35:54","slug":"espana-aboga-por-candidatura-conjunta-con-marruecos-y-portugal-para-mundial-2030","status":"publish","type":"post","link":"https:\/\/elinformanteperu.com\/index.php\/2018\/11\/20\/espana-aboga-por-candidatura-conjunta-con-marruecos-y-portugal-para-mundial-2030\/","title":{"rendered":"Espa\u00f1a aboga por candidatura conjunta con Marruecos y Portugal para Mundial-2030"},"content":{"rendered":"<p><strong><span style=\"color: #000000;\">El presidente del Gobierno de Espa\u00f1a, Pedro S\u00e1nchez, propuso en Marruecos una candidatura conjunta Marruecos\/Espa\u00f1a\/Portugal para organizar el Mundial-2030.<\/span><\/strong><\/p>\n<p><span style=\"color: #000000;\"><strong>Madrid, 20 de Noviembre 2018, (ANDINA).-<\/strong> El presidente del Gobierno de Espa\u00f1a, Pedro S\u00e1nchez, propuso en Marruecos una candidatura conjunta Marruecos\/Espa\u00f1a\/Portugal para organizar el Mundial-2030 de f\u00fatbol.<\/span><\/p>\n<p><span style=\"color: #000000;\">\u00abRealic\u00e9 una propuesta -en primer lugar al gobierno y despu\u00e9s al rey Mohammed VI\u2013 para lanzar una candidatura conjunta para celebrar en 2030 el Mundial entre Marruecos, Espa\u00f1a y Portugal\u00bb, dijo este lunes en Rabat el presidente del Gobierno espa\u00f1ol, al t\u00e9rmino de una audiencia con el rey de Marruecos.<\/span><\/p>\n<p><span style=\"color: #000000;\">\u00abSer\u00eda la primera vez que hay una candidatura entre dos continentes, entre Europa y \u00c1frica (&#8230;) El rey Mohammed VI ha sido muy receptivo a esta propuesta\u00bb, a\u00f1adi\u00f3 S\u00e1nchez, quien se hab\u00eda reunido horas antes con su homol\u00f3go marroqu\u00ed Saad-Eddine el Othmani.<\/span><\/p>\n<p><span style=\"color: #000000;\">\u00abVamos a trabajar con Portugal en la presentaci\u00f3n de esta posible candidatura que, considero, ser\u00eda muy competitiva\u00bb, indic\u00f3 el jefe del ejecutivo espa\u00f1ol, seg\u00fan im\u00e1genes difundidas en directo por las televisiones espa\u00f1olas.<\/span><\/p>\n<p><span style=\"color: #000000;\">Cinco veces candidato sin \u00e9xito a la organizaci\u00f3n de la cita mundialista (en 1994, 1998, 2006, 2010 y 2026), Marruecos espera convertirse en el segundo pa\u00eds del continente en albergar un Mundial, despu\u00e9s de Sud\u00e1frica en 2010.<\/span><\/p>\n<p><span style=\"color: #000000;\">El pasado mes de junio, un d\u00eda despu\u00e9s de su derrota ante Estados Unidos\/Canad\u00e1\/M\u00e9xico para la organizaci\u00f3n del Mundial-2026, Marruecos anunci\u00f3 que se aspirar\u00eda a organizar la edici\u00f3n de 2030, aunque sin aludir a la posibilidad de una candidatura conjunta. El reino alaouita ve en la organizaci\u00f3n de un Mundial una posibilidad de r\u00e1pido desarrollo.<\/span><\/p>\n<p><span style=\"color: #000000;\">La edici\u00f3n de 2030 ser\u00e1 el \u00abMundial del centenario\u00bb, un siglo despu\u00e9s del primer Mundial organizado y ganado por Uruguay, que ya anunci\u00f3 su candidatura junto con Argentina y Paraguay para 2030.<\/span><\/p>\n<p><span style=\"color: #000000;\">Grecia, Bulgaria, Ruman\u00eda y Serbia barajan asimismo la opci\u00f3n de una candidatura conjunta, al igual que Reino Unido e Irlanda.<\/span><\/p>\n<p><span style=\"color: #000000;\">A finales de septiembre, la Uni\u00f3n de Federaciones de F\u00fatbol del Norte de \u00c1frica (UNAF) lanz\u00f3 la idea de una candidatura norteafricana.<\/span><\/p>\n<p><img fetchpriority=\"high\" decoding=\"async\" class=\"aligncenter size-full wp-image-32758\" src=\"http:\/\/elinformanteperu.com\/wp-content\/uploads\/2018\/09\/espa\u00f1a-croacia.jpg\" alt=\"\" width=\"1800\" height=\"1200\" srcset=\"https:\/\/elinformanteperu.com\/wp-content\/uploads\/2018\/09\/espa\u00f1a-croacia.jpg 1800w, https:\/\/elinformanteperu.com\/wp-content\/uploads\/2018\/09\/espa\u00f1a-croacia-300x200.jpg 300w, https:\/\/elinformanteperu.com\/wp-content\/uploads\/2018\/09\/espa\u00f1a-croacia-768x512.jpg 768w, https:\/\/elinformanteperu.com\/wp-content\/uploads\/2018\/09\/espa\u00f1a-croacia-1024x683.jpg 1024w, https:\/\/elinformanteperu.com\/wp-content\/uploads\/2018\/09\/espa\u00f1a-croacia-128x85.jpg 128w, https:\/\/elinformanteperu.com\/wp-content\/uploads\/2018\/09\/espa\u00f1a-croacia-32x21.jpg 32w\" sizes=\"(max-width: 1800px) 100vw, 1800px\" \/><\/p>\n","protected":false},"excerpt":{"rendered":"<p>El presidente del Gobierno de Espa\u00f1a, Pedro S\u00e1nchez, propuso en Marruecos una candidatura conjunta Marruecos\/Espa\u00f1a\/Portugal para organizar el Mundial-2030. Madrid, 20 de Noviembre 2018, (ANDINA).- El presidente del Gobierno de Espa\u00f1a, Pedro S\u00e1nchez, propuso en Marruecos una candidatura conjunta Marruecos\/Espa\u00f1a\/Portugal para organizar el Mundial-2030 de f\u00fatbol. \u00abRealic\u00e9 una propuesta -en primer lugar al gobierno y [&hellip;]<\/p>\n","protected":false},"author":1,"featured_media":38088,"comment_status":"open","ping_status":"open","sticky":false,"template":"","format":"standard","meta":{"rop_custom_images_group":[],"rop_custom_messages_group":[],"rop_publish_now":"initial","rop_publish_now_accounts":[],"rop_publish_now_history":[],"rop_publish_now_status":"pending","footnotes":""},"categories":[8],"tags":[268,3718],"class_list":["post-38086","post","type-post","status-publish","format-standard","has-post-thumbnail","hentry","category-disciplinas-deportivas","tag-fifa","tag-ranking-fifa"],"_links":{"self":[{"href":"https:\/\/elinformanteperu.com\/index.php\/wp-json\/wp\/v2\/posts\/38086","targetHints":{"allow":["GET"]}}],"collection":[{"href":"https:\/\/elinformanteperu.com\/index.php\/wp-json\/wp\/v2\/posts"}],"about":[{"href":"https:\/\/elinformanteperu.com\/index.php\/wp-json\/wp\/v2\/types\/post"}],"author":[{"embeddable":true,"href":"https:\/\/elinformanteperu.com\/index.php\/wp-json\/wp\/v2\/users\/1"}],"replies":[{"embeddable":true,"href":"https:\/\/elinformanteperu.com\/index.php\/wp-json\/wp\/v2\/comments?post=38086"}],"version-history":[{"count":1,"href":"https:\/\/elinformanteperu.com\/index.php\/wp-json\/wp\/v2\/posts\/38086\/revisions"}],"predecessor-version":[{"id":38089,"href":"https:\/\/elinformanteperu.com\/index.php\/wp-json\/wp\/v2\/posts\/38086\/revisions\/38089"}],"wp:featuredmedia":[{"embeddable":true,"href":"https:\/\/elinformanteperu.com\/index.php\/wp-json\/wp\/v2\/media\/38088"}],"wp:attachment":[{"href":"https:\/\/elinformanteperu.com\/index.php\/wp-json\/wp\/v2\/media?parent=38086"}],"wp:term":[{"taxonomy":"category","embeddable":true,"href":"https:\/\/elinformanteperu.com\/index.php\/wp-json\/wp\/v2\/categories?post=38086"},{"taxonomy":"post_tag","embeddable":true,"href":"https:\/\/elinformanteperu.com\/index.php\/wp-json\/wp\/v2\/tags?post=38086"}],"curies":[{"name":"wp","href":"https:\/\/api.w.org\/{rel}","templated":true}]}}