{"id":38076,"date":"2018-11-20T19:26:55","date_gmt":"2018-11-21T00:26:55","guid":{"rendered":"http:\/\/elinformanteperu.com\/?p=38076"},"modified":"2018-11-20T19:26:55","modified_gmt":"2018-11-21T00:26:55","slug":"mira-aqui-el-trailer-de-la-cinta-peruana-hotel-paraiso","status":"publish","type":"post","link":"https:\/\/elinformanteperu.com\/index.php\/2018\/11\/20\/mira-aqui-el-trailer-de-la-cinta-peruana-hotel-paraiso\/","title":{"rendered":"Mira aqu\u00ed el tr\u00e1iler de la cinta peruana \u00abHotel Para\u00edso\u00bb"},"content":{"rendered":"<p><strong><span style=\"color: #000000;\">La cinta peruana \u00abHotel Para\u00edso\u00bb se estrenar\u00e1 este verano en Lima y se present\u00f3 su tr\u00e1iler que nos trae en el rol protag\u00f3nico al ni\u00f1o actor Kareem Pizarro.<\/span><\/strong><\/p>\n<p><span style=\"color: #000000;\"><strong>Lima, 20 de Noviembre 2018, (ANDINA).-<\/strong> La cinta peruana \u00abHotel Para\u00edso\u00bb se estrenar\u00e1 este verano en Lima y se present\u00f3 su tr\u00e1iler que nos trae en el rol protag\u00f3nico al ni\u00f1o actor Kareem Pizarro junto a un elenco formado por Jely Re\u00e1tegui, Marco Zunino, Francisca Aronsson, entre otros.<\/span><\/p>\n<p><span style=\"color: #000000;\">Esta comedia familiar nos presenta una a historia sobre la amistad, la familia y el primer amor.<\/span><\/p>\n<p><img fetchpriority=\"high\" decoding=\"async\" class=\"aligncenter size-full wp-image-38079\" src=\"http:\/\/elinformanteperu.com\/wp-content\/uploads\/2018\/11\/Hotel-Para\u00edso1.jpg\" alt=\"\" width=\"1800\" height=\"1200\" srcset=\"https:\/\/elinformanteperu.com\/wp-content\/uploads\/2018\/11\/Hotel-Para\u00edso1.jpg 1800w, https:\/\/elinformanteperu.com\/wp-content\/uploads\/2018\/11\/Hotel-Para\u00edso1-300x200.jpg 300w, https:\/\/elinformanteperu.com\/wp-content\/uploads\/2018\/11\/Hotel-Para\u00edso1-768x512.jpg 768w, https:\/\/elinformanteperu.com\/wp-content\/uploads\/2018\/11\/Hotel-Para\u00edso1-1024x683.jpg 1024w, https:\/\/elinformanteperu.com\/wp-content\/uploads\/2018\/11\/Hotel-Para\u00edso1-128x85.jpg 128w, https:\/\/elinformanteperu.com\/wp-content\/uploads\/2018\/11\/Hotel-Para\u00edso1-32x21.jpg 32w\" sizes=\"(max-width: 1800px) 100vw, 1800px\" \/><\/p>\n<p><span style=\"color: #000000;\">En el \u00abHotel Para\u00edso\u00bb con sus juegos, actividades y animadores, liderados por Marco Zunino, se vuelve el escenario perfecto para que ambos puedan descubrir el sentimiento del amor; sin embargo, no todo saldr\u00e1 como esperaba ya que Nahel (Brando Gallesi) tambi\u00e9n tiene sentimientos por Andrea (Fabiana Valc\u00e1rcel) y har\u00e1 todo lo posible para entorpecer los planes de Guillermo (Kareem Pizarro) para enamorarla.<\/span><\/p>\n<p><span style=\"color: #000000;\">\u201cTrabajar con estos chicos ha sido espectacular. Son muy profesionales y aportan mucha diversi\u00f3n fuera y dentro de c\u00e1mara. Convivir con el equipo y los actores grabando esta pel\u00edcula en Ica ha sido muy divertido y eso se siente en la pel\u00edcula\u201d, explica afirma Daniel Rehder, director del filme.<\/span><\/p>\n<p><img decoding=\"async\" class=\"aligncenter size-full wp-image-38080\" src=\"http:\/\/elinformanteperu.com\/wp-content\/uploads\/2018\/11\/Hotel-Para\u00edso2.jpg\" alt=\"\" width=\"1800\" height=\"1200\" srcset=\"https:\/\/elinformanteperu.com\/wp-content\/uploads\/2018\/11\/Hotel-Para\u00edso2.jpg 1800w, https:\/\/elinformanteperu.com\/wp-content\/uploads\/2018\/11\/Hotel-Para\u00edso2-300x200.jpg 300w, https:\/\/elinformanteperu.com\/wp-content\/uploads\/2018\/11\/Hotel-Para\u00edso2-768x512.jpg 768w, https:\/\/elinformanteperu.com\/wp-content\/uploads\/2018\/11\/Hotel-Para\u00edso2-1024x683.jpg 1024w, https:\/\/elinformanteperu.com\/wp-content\/uploads\/2018\/11\/Hotel-Para\u00edso2-128x85.jpg 128w, https:\/\/elinformanteperu.com\/wp-content\/uploads\/2018\/11\/Hotel-Para\u00edso2-32x21.jpg 32w\" sizes=\"(max-width: 1800px) 100vw, 1800px\" \/><\/p>\n<p><span style=\"color: #000000;\">Con un elenco que tiene a los j\u00f3venes talentos m\u00e1s populares del cine, teatro y televisi\u00f3n como Francisca Aronsson, Mat\u00edas Raygada; y la experiencia de grandes actores como Pietro Sibille, Katia Condos, Hayd\u00e9e C\u00e1ceres hacen que esta nueva pel\u00edcula peruana promete ser una de las favoritas del pr\u00f3ximo verano.<\/span><\/p>\n<p><span style=\"color: #000000;\">La comedia familiar llega a todos los cines el 24 de enero del 2019.<\/span><\/p>\n<p><iframe title=\"Hotel Paraiso - La pel\u00edcula - Trailer Oficial\" width=\"615\" height=\"346\" src=\"https:\/\/www.youtube.com\/embed\/TG7f69ZdCHU?feature=oembed\" frameborder=\"0\" allow=\"accelerometer; autoplay; clipboard-write; encrypted-media; gyroscope; picture-in-picture; web-share\" referrerpolicy=\"strict-origin-when-cross-origin\" allowfullscreen><\/iframe><\/p>\n","protected":false},"excerpt":{"rendered":"<p>La cinta peruana \u00abHotel Para\u00edso\u00bb se estrenar\u00e1 este verano en Lima y se present\u00f3 su tr\u00e1iler que nos trae en el rol protag\u00f3nico al ni\u00f1o actor Kareem Pizarro. Lima, 20 de Noviembre 2018, (ANDINA).- La cinta peruana \u00abHotel Para\u00edso\u00bb se estrenar\u00e1 este verano en Lima y se present\u00f3 su tr\u00e1iler que nos trae en el [&hellip;]<\/p>\n","protected":false},"author":1,"featured_media":38078,"comment_status":"open","ping_status":"open","sticky":false,"template":"","format":"standard","meta":{"rop_custom_images_group":[],"rop_custom_messages_group":[],"rop_publish_now":"initial","rop_publish_now_accounts":[],"rop_publish_now_history":[],"rop_publish_now_status":"pending","footnotes":""},"categories":[7],"tags":[1626,3840],"class_list":["post-38076","post","type-post","status-publish","format-standard","has-post-thumbnail","hentry","category-butaca","tag-cine-peruano","tag-hotel-paraiso"],"_links":{"self":[{"href":"https:\/\/elinformanteperu.com\/index.php\/wp-json\/wp\/v2\/posts\/38076","targetHints":{"allow":["GET"]}}],"collection":[{"href":"https:\/\/elinformanteperu.com\/index.php\/wp-json\/wp\/v2\/posts"}],"about":[{"href":"https:\/\/elinformanteperu.com\/index.php\/wp-json\/wp\/v2\/types\/post"}],"author":[{"embeddable":true,"href":"https:\/\/elinformanteperu.com\/index.php\/wp-json\/wp\/v2\/users\/1"}],"replies":[{"embeddable":true,"href":"https:\/\/elinformanteperu.com\/index.php\/wp-json\/wp\/v2\/comments?post=38076"}],"version-history":[{"count":1,"href":"https:\/\/elinformanteperu.com\/index.php\/wp-json\/wp\/v2\/posts\/38076\/revisions"}],"predecessor-version":[{"id":38081,"href":"https:\/\/elinformanteperu.com\/index.php\/wp-json\/wp\/v2\/posts\/38076\/revisions\/38081"}],"wp:featuredmedia":[{"embeddable":true,"href":"https:\/\/elinformanteperu.com\/index.php\/wp-json\/wp\/v2\/media\/38078"}],"wp:attachment":[{"href":"https:\/\/elinformanteperu.com\/index.php\/wp-json\/wp\/v2\/media?parent=38076"}],"wp:term":[{"taxonomy":"category","embeddable":true,"href":"https:\/\/elinformanteperu.com\/index.php\/wp-json\/wp\/v2\/categories?post=38076"},{"taxonomy":"post_tag","embeddable":true,"href":"https:\/\/elinformanteperu.com\/index.php\/wp-json\/wp\/v2\/tags?post=38076"}],"curies":[{"name":"wp","href":"https:\/\/api.w.org\/{rel}","templated":true}]}}