{"id":38072,"date":"2018-11-20T19:21:31","date_gmt":"2018-11-21T00:21:31","guid":{"rendered":"http:\/\/elinformanteperu.com\/?p=38072"},"modified":"2018-11-20T19:21:31","modified_gmt":"2018-11-21T00:21:31","slug":"ivan-cruz-proximo-a-cumplir-49-anos-en-la-musica","status":"publish","type":"post","link":"https:\/\/elinformanteperu.com\/index.php\/2018\/11\/20\/ivan-cruz-proximo-a-cumplir-49-anos-en-la-musica\/","title":{"rendered":"Iv\u00e1n Cruz pr\u00f3ximo a cumplir 49 a\u00f1os en la m\u00fasica"},"content":{"rendered":"<p><strong><span style=\"color: #000000;\">Pr\u00f3ximo a cumplir nada menos que 49 a\u00f1os de vida art\u00edstica,\u00a0 Iv\u00e1n Cruz es sin lugar a dudas uno de los m\u00e1ximos representantes de bolero en nuestro medio.\u00a0<\/span><\/strong><\/p>\n<p><span style=\"color: #000000;\"><strong>Lima, 20 de Noviembre 2018, (ANDINA).-<\/strong> Pr\u00f3ximo a cumplir nada menos que 49 a\u00f1os de vida art\u00edstica, hombre de fe y ex integrante de la Marina de Guerra del Per\u00fa, Iv\u00e1n Cruz es sin lugar a dudas uno de los m\u00e1ximos representantes de bolero en nuestro medio. A su entender, las dispuestas que se ven, por ejemplo, en redes sociales, asegura se debe a falta de tolerancia y amor entre los sere s humanos.<\/span><\/p>\n<p><span style=\"color: #000000;\">\u201cMi mensaje siempre ser\u00e1 de amor, de perd\u00f3n entre todos, de reconciliaci\u00f3n, de solidaridad. Me da mucha pena ver en las redes sociales la cantidad de mensajes llenos de odio, de divisi\u00f3n que existe, gente que ni se conoce est\u00e1n insult\u00e1ndose y es muy triste y feo a la vez ver todo eso. Estoy seguro que si volteamos y le preguntamos cada uno de nosotros a Dios\u201d, estoy seguro que ser\u00e1 m\u00e1s de una cosa\u201d, comenta el artista.<\/span><\/p>\n<p><span style=\"color: #000000;\">Admirador de Neil Sedaka y Chubby Checker, rockero en sus tiempos mozos, sostiene que el bolero no ha muerto. Lo que sucede a su entender es a falta de inter\u00e9s del empresariado que terminan apoyando m\u00e1s al extranjero.<\/span><\/p>\n<p><span style=\"color: #000000;\">\u201cLo cual no est\u00e1 mal, pero falta un poco de nacionalismo, \u201cporque buenos autores y cantantes si tenemos en nuestro medio\u201d.<\/span><\/p>\n<p><span style=\"color: #000000;\">Por otro lado, agrega, la mayor\u00eda de radios en el Per\u00fa no apoya a los nacionales y no difunden nuestras canciones como otros pa\u00edses si lo hacen con sus paisanos.<\/span><\/p>\n<p><span style=\"color: #000000;\">El int\u00e9rprete de \u201cMe dices que te vas\u201d, \u201cMozo deme otra copa\u201d celebrar\u00e1 el pr\u00f3ximo viernes 14 de diciembre sus 49 a\u00f1os de vida art\u00edstica en el Maracan\u00e1, en un concierto con orquesta y coros.<\/span><\/p>\n<p><span style=\"color: #000000;\">Acompa\u00f1ar\u00e1n al cantante Los Pakines con su sin igual estilo elegante y Giani M\u00e9ndez. Localidades disponibles en Teleticket.<\/span><\/p>\n<p>https:\/\/youtu.be\/LOO91jVpBvo<\/p>\n","protected":false},"excerpt":{"rendered":"<p>Pr\u00f3ximo a cumplir nada menos que 49 a\u00f1os de vida art\u00edstica,\u00a0 Iv\u00e1n Cruz es sin lugar a dudas uno de los m\u00e1ximos representantes de bolero en nuestro medio.\u00a0 Lima, 20 de Noviembre 2018, (ANDINA).- Pr\u00f3ximo a cumplir nada menos que 49 a\u00f1os de vida art\u00edstica, hombre de fe y ex integrante de la Marina de [&hellip;]<\/p>\n","protected":false},"author":1,"featured_media":38074,"comment_status":"open","ping_status":"open","sticky":false,"template":"","format":"standard","meta":{"rop_custom_images_group":[],"rop_custom_messages_group":[],"rop_publish_now":"initial","rop_publish_now_accounts":[],"rop_publish_now_history":[],"rop_publish_now_status":"pending","footnotes":""},"categories":[69],"tags":[3839],"class_list":["post-38072","post","type-post","status-publish","format-standard","has-post-thumbnail","hentry","category-musica","tag-ivan-cruz"],"_links":{"self":[{"href":"https:\/\/elinformanteperu.com\/index.php\/wp-json\/wp\/v2\/posts\/38072","targetHints":{"allow":["GET"]}}],"collection":[{"href":"https:\/\/elinformanteperu.com\/index.php\/wp-json\/wp\/v2\/posts"}],"about":[{"href":"https:\/\/elinformanteperu.com\/index.php\/wp-json\/wp\/v2\/types\/post"}],"author":[{"embeddable":true,"href":"https:\/\/elinformanteperu.com\/index.php\/wp-json\/wp\/v2\/users\/1"}],"replies":[{"embeddable":true,"href":"https:\/\/elinformanteperu.com\/index.php\/wp-json\/wp\/v2\/comments?post=38072"}],"version-history":[{"count":1,"href":"https:\/\/elinformanteperu.com\/index.php\/wp-json\/wp\/v2\/posts\/38072\/revisions"}],"predecessor-version":[{"id":38075,"href":"https:\/\/elinformanteperu.com\/index.php\/wp-json\/wp\/v2\/posts\/38072\/revisions\/38075"}],"wp:featuredmedia":[{"embeddable":true,"href":"https:\/\/elinformanteperu.com\/index.php\/wp-json\/wp\/v2\/media\/38074"}],"wp:attachment":[{"href":"https:\/\/elinformanteperu.com\/index.php\/wp-json\/wp\/v2\/media?parent=38072"}],"wp:term":[{"taxonomy":"category","embeddable":true,"href":"https:\/\/elinformanteperu.com\/index.php\/wp-json\/wp\/v2\/categories?post=38072"},{"taxonomy":"post_tag","embeddable":true,"href":"https:\/\/elinformanteperu.com\/index.php\/wp-json\/wp\/v2\/tags?post=38072"}],"curies":[{"name":"wp","href":"https:\/\/api.w.org\/{rel}","templated":true}]}}