{"id":38066,"date":"2018-11-19T23:10:37","date_gmt":"2018-11-20T04:10:37","guid":{"rendered":"http:\/\/elinformanteperu.com\/?p=38066"},"modified":"2018-11-19T23:10:37","modified_gmt":"2018-11-20T04:10:37","slug":"comision-de-etica-rechaza-investigar-chats-de-la-botica","status":"publish","type":"post","link":"https:\/\/elinformanteperu.com\/index.php\/2018\/11\/19\/comision-de-etica-rechaza-investigar-chats-de-la-botica\/","title":{"rendered":"Comisi\u00f3n de \u00c9tica rechaza investigar chats de \u00abLa Botica\u00bb"},"content":{"rendered":"<p><strong><span style=\"color: #000000;\">La Comisi\u00f3n de \u00c9tica Parlamentaria rechaz\u00f3 investigar a los congresistas de Fuerza Popular por los comentarios realizados en el chat \u00abLa Botica\u00bb.<\/span><\/strong><\/p>\n<p><span style=\"color: #000000;\"><strong>Lima, 19 de Noviembre 2018, (ANDINA).-<\/strong> La Comisi\u00f3n de \u00c9tica Parlamentaria rechaz\u00f3 investigar a los congresistas de Fuerza Popular por los comentarios realizados en el chat \u00abLa Botica\u00bb.<\/span><\/p>\n<p><span style=\"color: #000000;\">La medida fue aprobada por mayor\u00eda, con los votos del Fuerza Popular (FP) y el Partido Aprista Peruano (PAP)<\/span><\/p>\n<p><span style=\"color: #000000;\">En el mencionado chat \u201cLa Botica\u201d, participan congresistas de Fuerza Popular, adem\u00e1s de Pier Figari, asesor principal de Keiko Fujimori, quien pide \u201cdeslegitimar\u201d al fiscal Jos\u00e9 Domingo P\u00e9rez, quien lidera la investigaci\u00f3n contra el fujimorismo por el presunto delito de lavado de activos.<\/span><\/p>\n<p><span style=\"color: #000000;\">Las conversaciones tambi\u00e9n giran en torno a diversos temas de coyuntura pol\u00edtica. Entre los principales figuran la actitud que deb\u00edan tener los congresistas frente al discurso del presidente Mart\u00edn Vizcarra en el Congreso por Fiestas Patrias, la elecci\u00f3n del nuevo presidente del Congreso y el respaldo al fiscal de la Naci\u00f3n Pedro Ch\u00e1varry.<\/span><\/p>\n","protected":false},"excerpt":{"rendered":"<p>La Comisi\u00f3n de \u00c9tica Parlamentaria rechaz\u00f3 investigar a los congresistas de Fuerza Popular por los comentarios realizados en el chat \u00abLa Botica\u00bb. Lima, 19 de Noviembre 2018, (ANDINA).- La Comisi\u00f3n de \u00c9tica Parlamentaria rechaz\u00f3 investigar a los congresistas de Fuerza Popular por los comentarios realizados en el chat \u00abLa Botica\u00bb. La medida fue aprobada por [&hellip;]<\/p>\n","protected":false},"author":1,"featured_media":38068,"comment_status":"open","ping_status":"open","sticky":false,"template":"","format":"standard","meta":{"rop_custom_images_group":[],"rop_custom_messages_group":[],"rop_publish_now":"initial","rop_publish_now_accounts":[],"rop_publish_now_history":[],"rop_publish_now_status":"pending","footnotes":""},"categories":[5],"tags":[192],"class_list":["post-38066","post","type-post","status-publish","format-standard","has-post-thumbnail","hentry","category-actualidad-informativa","tag-congreso"],"_links":{"self":[{"href":"https:\/\/elinformanteperu.com\/index.php\/wp-json\/wp\/v2\/posts\/38066","targetHints":{"allow":["GET"]}}],"collection":[{"href":"https:\/\/elinformanteperu.com\/index.php\/wp-json\/wp\/v2\/posts"}],"about":[{"href":"https:\/\/elinformanteperu.com\/index.php\/wp-json\/wp\/v2\/types\/post"}],"author":[{"embeddable":true,"href":"https:\/\/elinformanteperu.com\/index.php\/wp-json\/wp\/v2\/users\/1"}],"replies":[{"embeddable":true,"href":"https:\/\/elinformanteperu.com\/index.php\/wp-json\/wp\/v2\/comments?post=38066"}],"version-history":[{"count":1,"href":"https:\/\/elinformanteperu.com\/index.php\/wp-json\/wp\/v2\/posts\/38066\/revisions"}],"predecessor-version":[{"id":38069,"href":"https:\/\/elinformanteperu.com\/index.php\/wp-json\/wp\/v2\/posts\/38066\/revisions\/38069"}],"wp:featuredmedia":[{"embeddable":true,"href":"https:\/\/elinformanteperu.com\/index.php\/wp-json\/wp\/v2\/media\/38068"}],"wp:attachment":[{"href":"https:\/\/elinformanteperu.com\/index.php\/wp-json\/wp\/v2\/media?parent=38066"}],"wp:term":[{"taxonomy":"category","embeddable":true,"href":"https:\/\/elinformanteperu.com\/index.php\/wp-json\/wp\/v2\/categories?post=38066"},{"taxonomy":"post_tag","embeddable":true,"href":"https:\/\/elinformanteperu.com\/index.php\/wp-json\/wp\/v2\/tags?post=38066"}],"curies":[{"name":"wp","href":"https:\/\/api.w.org\/{rel}","templated":true}]}}