{"id":38058,"date":"2018-11-19T21:40:07","date_gmt":"2018-11-20T02:40:07","guid":{"rendered":"http:\/\/elinformanteperu.com\/?p=38058"},"modified":"2018-11-19T21:40:07","modified_gmt":"2018-11-20T02:40:07","slug":"jose-domingo-perez-fiscalia-realiza-un-trabajo-objetivo-y-adecuado","status":"publish","type":"post","link":"https:\/\/elinformanteperu.com\/index.php\/2018\/11\/19\/jose-domingo-perez-fiscalia-realiza-un-trabajo-objetivo-y-adecuado\/","title":{"rendered":"Jos\u00e9 Domingo P\u00e9rez: Fiscal\u00eda realiza un trabajo objetivo y adecuado"},"content":{"rendered":"<p><strong><span style=\"color: #000000;\">El fiscal Jos\u00e9 Domingo P\u00e9rez descart\u00f3 que exista una persecuci\u00f3n pol\u00edtica contra el exmandatario Alan Garc\u00eda y remarc\u00f3 que se est\u00e1 realizando un trabajo objetivo.<\/span><\/strong><\/p>\n<p><span style=\"color: #000000;\"><strong>Lima, 19 de Noviembre 2018, (ANDINA).-<\/strong> El fiscal Jos\u00e9 Domingo P\u00e9rez descart\u00f3 que exista una persecuci\u00f3n pol\u00edtica contra el exmandatario Alan Garc\u00eda y remarc\u00f3 que su despacho est\u00e1 realizando un trabajo adecuado y objetivo.<\/span><\/p>\n<p><span style=\"color: #000000;\">\u201cEl Ministerio P\u00fablico realiza un trabajo adecuado, objetivo y en los t\u00e9rminos correspondientes\u201d, se\u00f1al\u00f3 en declaraciones a Canal N.<\/span><\/p>\n<p><span style=\"color: #000000;\">Manifest\u00f3 que la prensa y la ciudadan\u00eda est\u00e1 al tanto de las decisiones del sistema de justicia, integrado por Ministerio P\u00fablico y el Poder Judicial, y las audiencias son p\u00fablicas.<\/span><\/p>\n<p><span style=\"color: #000000;\">Agreg\u00f3 que le llama la atenci\u00f3n que durante la audiencia del pasado s\u00e1bado, la defensa legal de Alan Garc\u00eda no cuestion\u00f3 el trabajo del Ministerio P\u00fablico, y el exmandatario se allan\u00f3 al pedido de impedimento de salida de pa\u00eds.<\/span><\/p>\n<p><span style=\"color: #000000;\">\u201cEn la audiencia del pasado s\u00e1bado, la persona investigada (Alan Garc\u00eda) se mostr\u00f3 conforme con el pedido del fiscal, no hubo ning\u00fan tipo de cuestionamiento u oposici\u00f3n (\u2026)\u201d, asever\u00f3.<\/span><\/p>\n<p><span style=\"color: #000000;\">Asimismo, refiri\u00f3 que siguen en curso las investigaciones al exmandatario Alan por supuestos sobornos pagados por Odebrecht para adjudicarse un contrato para la construcci\u00f3n de la l\u00ednea 1 del Metro de Lima.<\/span><\/p>\n","protected":false},"excerpt":{"rendered":"<p>El fiscal Jos\u00e9 Domingo P\u00e9rez descart\u00f3 que exista una persecuci\u00f3n pol\u00edtica contra el exmandatario Alan Garc\u00eda y remarc\u00f3 que se est\u00e1 realizando un trabajo objetivo. Lima, 19 de Noviembre 2018, (ANDINA).- El fiscal Jos\u00e9 Domingo P\u00e9rez descart\u00f3 que exista una persecuci\u00f3n pol\u00edtica contra el exmandatario Alan Garc\u00eda y remarc\u00f3 que su despacho est\u00e1 realizando un [&hellip;]<\/p>\n","protected":false},"author":1,"featured_media":38060,"comment_status":"open","ping_status":"open","sticky":false,"template":"","format":"standard","meta":{"rop_custom_images_group":[],"rop_custom_messages_group":[],"rop_publish_now":"initial","rop_publish_now_accounts":[],"rop_publish_now_history":[],"rop_publish_now_status":"pending","footnotes":""},"categories":[5],"tags":[854,2568],"class_list":["post-38058","post","type-post","status-publish","format-standard","has-post-thumbnail","hentry","category-actualidad-informativa","tag-alan-garcia","tag-jose-domingo-perez"],"_links":{"self":[{"href":"https:\/\/elinformanteperu.com\/index.php\/wp-json\/wp\/v2\/posts\/38058","targetHints":{"allow":["GET"]}}],"collection":[{"href":"https:\/\/elinformanteperu.com\/index.php\/wp-json\/wp\/v2\/posts"}],"about":[{"href":"https:\/\/elinformanteperu.com\/index.php\/wp-json\/wp\/v2\/types\/post"}],"author":[{"embeddable":true,"href":"https:\/\/elinformanteperu.com\/index.php\/wp-json\/wp\/v2\/users\/1"}],"replies":[{"embeddable":true,"href":"https:\/\/elinformanteperu.com\/index.php\/wp-json\/wp\/v2\/comments?post=38058"}],"version-history":[{"count":1,"href":"https:\/\/elinformanteperu.com\/index.php\/wp-json\/wp\/v2\/posts\/38058\/revisions"}],"predecessor-version":[{"id":38061,"href":"https:\/\/elinformanteperu.com\/index.php\/wp-json\/wp\/v2\/posts\/38058\/revisions\/38061"}],"wp:featuredmedia":[{"embeddable":true,"href":"https:\/\/elinformanteperu.com\/index.php\/wp-json\/wp\/v2\/media\/38060"}],"wp:attachment":[{"href":"https:\/\/elinformanteperu.com\/index.php\/wp-json\/wp\/v2\/media?parent=38058"}],"wp:term":[{"taxonomy":"category","embeddable":true,"href":"https:\/\/elinformanteperu.com\/index.php\/wp-json\/wp\/v2\/categories?post=38058"},{"taxonomy":"post_tag","embeddable":true,"href":"https:\/\/elinformanteperu.com\/index.php\/wp-json\/wp\/v2\/tags?post=38058"}],"curies":[{"name":"wp","href":"https:\/\/api.w.org\/{rel}","templated":true}]}}