{"id":37656,"date":"2018-11-15T18:47:25","date_gmt":"2018-11-15T23:47:25","guid":{"rendered":"http:\/\/elinformanteperu.com\/?p=37656"},"modified":"2018-11-15T18:47:25","modified_gmt":"2018-11-15T23:47:25","slug":"peru-recibe-a-ecuador-en-partido-que-conmemora-un-ano-de-su-acceso-a-rusia-2018","status":"publish","type":"post","link":"https:\/\/elinformanteperu.com\/index.php\/2018\/11\/15\/peru-recibe-a-ecuador-en-partido-que-conmemora-un-ano-de-su-acceso-a-rusia-2018\/","title":{"rendered":"Per\u00fa recibe a Ecuador en partido que conmemora un a\u00f1o de su acceso a Rusia 2018"},"content":{"rendered":"<p><strong><span style=\"color: #000000;\">La selecci\u00f3n peruana recibe hoy (20:30 horas) a su similar de Ecuador en partido amistoso por fecha FIFA. El cotejo se juega en el Estadio Nacional.<\/span><\/strong><\/p>\n<p><span style=\"color: #000000;\"><strong>Lima, 15 de Noviembre 2018, (ANDINA).-<\/strong> La selecci\u00f3n peruana recibe hoy (20:30 horas) a su similar de Ecuador en partido amistoso por fecha FIFA. El cotejo se juega en el Estadio Nacional, escenario que volver\u00e1 a recibir a la Blanquirroja al cumplirse el primer aniversario de la clasificaci\u00f3n al Mundial de Rusia 2018, luego de 36 a\u00f1os.<\/span><\/p>\n<p><span style=\"color: #000000;\">Este partido con los \u201cnorte\u00f1os\u201d se vivir\u00e1 como una fiesta porque se instaurar\u00e1 el 15 de noviembre como el \u00abD\u00eda del Hincha Peruano\u00bb, con motivo de la celebraci\u00f3n por el acceso a la Copa del Mundo.<\/span><\/p>\n<p><span style=\"color: #000000;\">Tras golear 3-0 a Chile y empatar (1-1) con Estados Unidos en octubre, el combinado del argentino Ricardo Gareca buscar\u00e1 aprobar esta nueva prueba ante una renovada selecci\u00f3n ecuatoriana dirigida por el colombiano Hern\u00e1n Dario G\u00f3mez.<\/span><\/p>\n<p><span style=\"color: #000000;\">Jefferson Farf\u00e1n (Lokomotiv, Rusia) asegur\u00f3 que el encuentro ante &#8216;La Tricolor&#8217; ser\u00e1 muy complicado y emotivo, por coincidir con el aniversario de la clasificaci\u00f3n a Rusia 2018<\/span><\/p>\n<p><span style=\"color: #000000;\">\u00abVamos tratar de hacer un buen partido para que los hinchas se vayan contentos\u00bb, dijo a la prensa Farf\u00e1n, de 34 a\u00f1os.<\/span><\/p>\n<p><span style=\"color: #000000;\">Es seguro que el t\u00e9cnico Ricardo Gareca enviar\u00e1 al gramado de El Nacional a una oncena ofensiva con el tridente compuesto por Farf\u00e1n, Andr\u00e9 Carrillo y Cristian Benavente, quien reemplaza a Christian Cueva. Otros nombres confirmados son: Pedro Gallese, Luis Adv\u00edncula, Yoshirmar Yot\u00fan, Renato Tapia y Edison Flores.<\/span><\/p>\n<p><span style=\"color: #000000;\">Este cotejo ser\u00e1 el quinto encuentro amistoso de la Blanquirroja despu\u00e9s de su participaci\u00f3n en el Mundial de Rusia 2018. En setiembre, perdi\u00f3 ante Holanda y Alemania (2-1 en ambos casos).<\/span><\/p>\n<p><span style=\"color: #000000;\">En octubre, los peruanos golearon 3-0 a Chile y empataron (1-1) con Estados Unidos en las ciudades de Miami y Connecticut.<\/span><\/p>\n<p><span style=\"color: #000000;\">Luego del encuentro ante los ecuatorianos, los dirigidos por Ricardo Gareca enfrentar\u00e1n, el martes 20, a Costa Rica en Arequipa. Con este compromiso se cerrar\u00e1 el ciclo de cotejos de preparaci\u00f3n del 2018, un a\u00f1o que quedar\u00e1 en la historia porque marc\u00f3 el regreso de Per\u00fa a la Copa del Mundo.<\/span><\/p>\n<p><strong><span style=\"color: #000000;\">Posibles alineaciones:<\/span><\/strong><\/p>\n<p><span style=\"color: #000000;\"><strong>P\u00e9r\u00fa:<\/strong> Pedro Gallese &#8211; Luis Adv\u00edncula, Christian Ramos, Luis Abram, Miguel Trauco &#8211; Renato Tapia, Yoshimar Yot\u00fan, Edison Flores, Andr\u00e9 Carrillo, Cristian Benavente &#8211; Jefferson Farf\u00e1n. DT Ricardo Gareca.<\/span><\/p>\n<p><span style=\"color: #000000;\"><strong>Ecuador:<\/strong> Alexander Dom\u00ednguez &#8211; Arturo Mina, Gabriel Achilier, Beder Caicedo, Juan Carlos Paredes &#8211; Jefferson Orejuela, Sebasti\u00e1n M\u00e9ndez, Antonio Valencia, Ayrton Preciado &#8211; Miller Bola\u00f1os, Enner Valencia. DT Hern\u00e1n Dario Gomez.<\/span><\/p>\n<p><strong><span style=\"color: #000000;\">Otros partidos<\/span><\/strong><br \/>\n<strong><span style=\"color: #000000;\">Hoy<\/span><\/strong><br \/>\n<span style=\"color: #000000;\"><strong>14:45 horas:<\/strong> Alemania-Rusia (fecha FIFA)<\/span><br \/>\n<span style=\"color: #000000;\"><strong>14:45 horas:<\/strong> B\u00e9lgica-Islandia (Liga de Naciones)<\/span><br \/>\n<span style=\"color: #000000;\"><strong>14:45 horas:<\/strong> Croacia-Espa\u00f1a (Liga de Naciones) <\/span><br \/>\n<span style=\"color: #000000;\"><strong>15:00 horas:<\/strong> Inglaterra-Estados Unidos (fecha FIFA) <\/span><br \/>\n<span style=\"color: #000000;\"><strong>20:30 horas:<\/strong> Per\u00fa-Ecuador (fecha FIFA)<\/span><\/p>\n<p><strong><span style=\"color: #000000;\">Ma\u00f1ana <\/span><\/strong><br \/>\n<span style=\"color: #000000;\"><strong>14:45 horas:<\/strong> Holanda-Francia (Liga de Naciones) <\/span><br \/>\n<span style=\"color: #000000;\"><strong>15:00 horas:<\/strong> Brasil-Uruguay (fecha FIFA) <\/span><br \/>\n<span style=\"color: #000000;\"><strong>19:00 horas:<\/strong> Argentina-M\u00e9xico (fecha FIFA) <\/span><br \/>\n<span style=\"color: #000000;\"><strong>19:15 horas:<\/strong> Chile-Costa Rica (fecha FIFA)<\/span><\/p>\n<p><strong><span style=\"color: #000000;\">S\u00e1bado 17 <\/span><\/strong><br \/>\n<span style=\"color: #000000;\"><strong>14:45 horas:<\/strong> Espa\u00f1a-Bosnia (fecha FIFA)<\/span><br \/>\n<span style=\"color: #000000;\"><strong>14:45 horas:<\/strong> Italia-Portugal (Liga de Naciones)<\/span><\/p>\n<p><img fetchpriority=\"high\" decoding=\"async\" class=\"aligncenter size-full wp-image-25227\" src=\"http:\/\/elinformanteperu.com\/wp-content\/uploads\/2018\/04\/seleccion-peruana-66.jpg\" alt=\"\" width=\"1800\" height=\"1249\" srcset=\"https:\/\/elinformanteperu.com\/wp-content\/uploads\/2018\/04\/seleccion-peruana-66.jpg 1800w, https:\/\/elinformanteperu.com\/wp-content\/uploads\/2018\/04\/seleccion-peruana-66-300x208.jpg 300w, https:\/\/elinformanteperu.com\/wp-content\/uploads\/2018\/04\/seleccion-peruana-66-768x533.jpg 768w, https:\/\/elinformanteperu.com\/wp-content\/uploads\/2018\/04\/seleccion-peruana-66-1024x711.jpg 1024w, https:\/\/elinformanteperu.com\/wp-content\/uploads\/2018\/04\/seleccion-peruana-66-128x89.jpg 128w, https:\/\/elinformanteperu.com\/wp-content\/uploads\/2018\/04\/seleccion-peruana-66-32x22.jpg 32w\" sizes=\"(max-width: 1800px) 100vw, 1800px\" \/><\/p>\n","protected":false},"excerpt":{"rendered":"<p>La selecci\u00f3n peruana recibe hoy (20:30 horas) a su similar de Ecuador en partido amistoso por fecha FIFA. El cotejo se juega en el Estadio Nacional. Lima, 15 de Noviembre 2018, (ANDINA).- La selecci\u00f3n peruana recibe hoy (20:30 horas) a su similar de Ecuador en partido amistoso por fecha FIFA. El cotejo se juega en [&hellip;]<\/p>\n","protected":false},"author":1,"featured_media":37658,"comment_status":"open","ping_status":"open","sticky":false,"template":"","format":"standard","meta":{"rop_custom_images_group":[],"rop_custom_messages_group":[],"rop_publish_now":"initial","rop_publish_now_accounts":[],"rop_publish_now_history":[],"rop_publish_now_status":"pending","footnotes":""},"categories":[8],"tags":[137],"class_list":["post-37656","post","type-post","status-publish","format-standard","has-post-thumbnail","hentry","category-disciplinas-deportivas","tag-seleccion-peruana"],"_links":{"self":[{"href":"https:\/\/elinformanteperu.com\/index.php\/wp-json\/wp\/v2\/posts\/37656","targetHints":{"allow":["GET"]}}],"collection":[{"href":"https:\/\/elinformanteperu.com\/index.php\/wp-json\/wp\/v2\/posts"}],"about":[{"href":"https:\/\/elinformanteperu.com\/index.php\/wp-json\/wp\/v2\/types\/post"}],"author":[{"embeddable":true,"href":"https:\/\/elinformanteperu.com\/index.php\/wp-json\/wp\/v2\/users\/1"}],"replies":[{"embeddable":true,"href":"https:\/\/elinformanteperu.com\/index.php\/wp-json\/wp\/v2\/comments?post=37656"}],"version-history":[{"count":1,"href":"https:\/\/elinformanteperu.com\/index.php\/wp-json\/wp\/v2\/posts\/37656\/revisions"}],"predecessor-version":[{"id":37659,"href":"https:\/\/elinformanteperu.com\/index.php\/wp-json\/wp\/v2\/posts\/37656\/revisions\/37659"}],"wp:featuredmedia":[{"embeddable":true,"href":"https:\/\/elinformanteperu.com\/index.php\/wp-json\/wp\/v2\/media\/37658"}],"wp:attachment":[{"href":"https:\/\/elinformanteperu.com\/index.php\/wp-json\/wp\/v2\/media?parent=37656"}],"wp:term":[{"taxonomy":"category","embeddable":true,"href":"https:\/\/elinformanteperu.com\/index.php\/wp-json\/wp\/v2\/categories?post=37656"},{"taxonomy":"post_tag","embeddable":true,"href":"https:\/\/elinformanteperu.com\/index.php\/wp-json\/wp\/v2\/tags?post=37656"}],"curies":[{"name":"wp","href":"https:\/\/api.w.org\/{rel}","templated":true}]}}