{"id":3760,"date":"2017-01-05T23:57:52","date_gmt":"2017-01-06T04:57:52","guid":{"rendered":"http:\/\/elinformanteperu.com\/?p=3760"},"modified":"2017-01-05T23:59:09","modified_gmt":"2017-01-06T04:59:09","slug":"rock-instrumental-con-veronik-en-la-noche-mali","status":"publish","type":"post","link":"https:\/\/elinformanteperu.com\/index.php\/2017\/01\/05\/rock-instrumental-con-veronik-en-la-noche-mali\/","title":{"rendered":"Rock instrumental con &#8216;Veronik&#8217; en la Noche Mali"},"content":{"rendered":"<p><strong>El programa Una noche en el MALI ofrecer\u00e1 este viernes 6 de enero ingreso gratuito a las salas del Museo de Arte de Lima.<\/strong><\/p>\n<p><strong>Lima, 04 Enero 2017, (El Informante Per\u00fa).-<\/strong> El programa Una noche en el MALI ofrecer\u00e1 este viernes 6 de enero ingreso gratuito a las salas del Museo de Arte de Lima de 5:00 p.m. a 10:00 p.m., y visitas guiadas de 5:00 p.m. a 9:00 p.m.<\/p>\n<p>Adem\u00e1s, se podr\u00e1 visitar la gran exposici\u00f3n \u2018Pintura cuzque\u00f1a\u2019, una selecci\u00f3n de m\u00e1s de cien obras que narran el auge, desarrollo y declive de esta tradici\u00f3n art\u00edstica; \u2018La creaci\u00f3n del costumbrismo. Las acuarelas de la donaci\u00f3n Juan Carlos Verme\u2019, una colecci\u00f3n de m\u00e1s de noventa acuarelas in\u00e9ditas de Pancho Fierro; y \u2018al Cielo de Noche de Lima\u2019, una muestra del reconocido artista post-minimalista Richard Tuttle.<\/p>\n<p>En tanto a las 8:00 p.m. se iniciar\u00e1 el concierto con Veronik, conocida compositora y thereminista, quien presentar\u00e1 su segundo material discogr\u00e1fico \u201cAn\u00f3mala\u201d, una obra instrumental en donde el theremin reemplaza a la voz en la mayor\u00eda de temas, siendo el protagonista de un viaje org\u00e1nico lleno de magia y emociones. De esta manera, guitarras y texturas sonoras se entremezclan para ofrecer un repertorio entre lo mel\u00f3dico, ac\u00fastico y el\u00e9ctrico.<\/p>\n<p>Como complemento para esta noche, el Caf\u00e9 MALI tendr\u00e1 ofertas especiales para los asistentes.<\/p>\n<p><strong>Una Noche en el Mali (#NocheMALI)<\/strong><\/p>\n<p><strong>\u00b7 Lugar: \u00a0<\/strong>Museo de Arte de Lima &#8211; MALI. Paseo Col\u00f3n 125, Parque de la Exposici\u00f3n, Lima.<br \/>\n\u00b7 <strong>D\u00eda:<\/strong> Viernes 6 de enero, de 5:00 p.m. a 10:00 p.m.<br \/>\n\u00b7 <strong>Entrada:<\/strong> Ingreso gratuito.<\/p>\n<p><img fetchpriority=\"high\" decoding=\"async\" class=\"size-full wp-image-2042 aligncenter\" src=\"http:\/\/elinformanteperu.com\/wp-content\/uploads\/2016\/12\/mali-rafo-raez1.jpg\" alt=\"\" width=\"957\" height=\"638\" srcset=\"https:\/\/elinformanteperu.com\/wp-content\/uploads\/2016\/12\/mali-rafo-raez1.jpg 957w, https:\/\/elinformanteperu.com\/wp-content\/uploads\/2016\/12\/mali-rafo-raez1-300x200.jpg 300w, https:\/\/elinformanteperu.com\/wp-content\/uploads\/2016\/12\/mali-rafo-raez1-768x512.jpg 768w, https:\/\/elinformanteperu.com\/wp-content\/uploads\/2016\/12\/mali-rafo-raez1-128x85.jpg 128w, https:\/\/elinformanteperu.com\/wp-content\/uploads\/2016\/12\/mali-rafo-raez1-32x21.jpg 32w\" sizes=\"(max-width: 957px) 100vw, 957px\" \/><\/p>\n","protected":false},"excerpt":{"rendered":"<p>El programa Una noche en el MALI ofrecer\u00e1 este viernes 6 de enero ingreso gratuito a las salas del Museo de Arte de Lima. Lima, 04 Enero 2017, (El Informante Per\u00fa).- El programa Una noche en el MALI ofrecer\u00e1 este viernes 6 de enero ingreso gratuito a las salas del Museo de Arte de Lima [&hellip;]<\/p>\n","protected":false},"author":1,"featured_media":3761,"comment_status":"open","ping_status":"open","sticky":false,"template":"","format":"standard","meta":{"rop_custom_images_group":[],"rop_custom_messages_group":[],"rop_publish_now":"initial","rop_publish_now_accounts":[],"rop_publish_now_history":[],"rop_publish_now_status":"pending","footnotes":""},"categories":[10],"tags":[399],"class_list":["post-3760","post","type-post","status-publish","format-standard","has-post-thumbnail","hentry","category-actualidad-municipal","tag-mali"],"_links":{"self":[{"href":"https:\/\/elinformanteperu.com\/index.php\/wp-json\/wp\/v2\/posts\/3760","targetHints":{"allow":["GET"]}}],"collection":[{"href":"https:\/\/elinformanteperu.com\/index.php\/wp-json\/wp\/v2\/posts"}],"about":[{"href":"https:\/\/elinformanteperu.com\/index.php\/wp-json\/wp\/v2\/types\/post"}],"author":[{"embeddable":true,"href":"https:\/\/elinformanteperu.com\/index.php\/wp-json\/wp\/v2\/users\/1"}],"replies":[{"embeddable":true,"href":"https:\/\/elinformanteperu.com\/index.php\/wp-json\/wp\/v2\/comments?post=3760"}],"version-history":[{"count":3,"href":"https:\/\/elinformanteperu.com\/index.php\/wp-json\/wp\/v2\/posts\/3760\/revisions"}],"predecessor-version":[{"id":3764,"href":"https:\/\/elinformanteperu.com\/index.php\/wp-json\/wp\/v2\/posts\/3760\/revisions\/3764"}],"wp:featuredmedia":[{"embeddable":true,"href":"https:\/\/elinformanteperu.com\/index.php\/wp-json\/wp\/v2\/media\/3761"}],"wp:attachment":[{"href":"https:\/\/elinformanteperu.com\/index.php\/wp-json\/wp\/v2\/media?parent=3760"}],"wp:term":[{"taxonomy":"category","embeddable":true,"href":"https:\/\/elinformanteperu.com\/index.php\/wp-json\/wp\/v2\/categories?post=3760"},{"taxonomy":"post_tag","embeddable":true,"href":"https:\/\/elinformanteperu.com\/index.php\/wp-json\/wp\/v2\/tags?post=3760"}],"curies":[{"name":"wp","href":"https:\/\/api.w.org\/{rel}","templated":true}]}}