{"id":37221,"date":"2018-11-09T21:33:37","date_gmt":"2018-11-10T02:33:37","guid":{"rendered":"http:\/\/elinformanteperu.com\/?p=37221"},"modified":"2018-11-09T21:33:37","modified_gmt":"2018-11-10T02:33:37","slug":"congreso-rechaza-incluir-a-alan-garcia-y-keiko-fujimori-de-informe-lava-jato","status":"publish","type":"post","link":"https:\/\/elinformanteperu.com\/index.php\/2018\/11\/09\/congreso-rechaza-incluir-a-alan-garcia-y-keiko-fujimori-de-informe-lava-jato\/","title":{"rendered":"Congreso rechaza incluir a Alan Garc\u00eda y Keiko Fujimori de informe Lava Jato"},"content":{"rendered":"<p><strong><span style=\"color: #000000;\">El Pleno del Congreso rechaz\u00f3 por mayor\u00eda la propuesta para incluir en el informe del caso Lava Jato a Alan Garc\u00eda\u00a0 y a Keiko Fujimori.<\/span><\/strong><\/p>\n<p><span style=\"color: #000000;\"><strong>Lima, 09 de Noviembre 2018, (ANDINA).-<\/strong> El Pleno del Congreso rechaz\u00f3 por mayor\u00eda la propuesta para incluir en el informe final de la comisi\u00f3n investigadora del caso Lava Jato al expresidente Alan Garc\u00eda P\u00e9rez y a la lideresa de Fuerza Popular, Keiko Fujimori.<\/span><\/p>\n<p><span style=\"color: #000000;\">La propuesta hab\u00eda sido formulada oficialmente a trav\u00e9s de una cuesti\u00f3n previa. El resultado de la votaci\u00f3n fue 34 votos a favor, 59 en contra y 6 abstenciones.<\/span><\/p>\n<p><span style=\"color: #000000;\">En consecuencia, ni Garc\u00eda ni Fujimori ser\u00e1n incluidos en el informe final.<\/span><\/p>\n<p><span style=\"color: #000000;\">Asimismo, el Pleno del Congreso rechaz\u00f3 la cuesti\u00f3n previa para incluir en el informe final las recomendaciones planteadas en el dictamen en minor\u00eda del caso Lava Jato elaborado por el legislador Humberto Morales.<\/span><\/p>\n<p><span style=\"color: #000000;\">La votaci\u00f3n en este t\u00f3pico fue de 18 a favor, 63 en contra y 16 abstenciones.<\/span><\/p>\n<p><span style=\"color: #000000;\">El Pleno del Congreso tambi\u00e9n rechaz\u00f3 por mayor\u00eda excluir del informe final Lava Jato a las personas mencionadas que no tuvieron derecho a la defensa.<\/span><\/p>\n<p><span style=\"color: #000000;\">Al culminar estas votaciones, el presidente del Congreso suspendi\u00f3 la sesi\u00f3n plenaria por una hora con la finalidad de otorgar tiempo para que la comisi\u00f3n investigadora incluya en el texto final de su informe las recomendaciones y portes brindados por los legisladores durante el debate.<\/span><\/p>\n","protected":false},"excerpt":{"rendered":"<p>El Pleno del Congreso rechaz\u00f3 por mayor\u00eda la propuesta para incluir en el informe del caso Lava Jato a Alan Garc\u00eda\u00a0 y a Keiko Fujimori. Lima, 09 de Noviembre 2018, (ANDINA).- El Pleno del Congreso rechaz\u00f3 por mayor\u00eda la propuesta para incluir en el informe final de la comisi\u00f3n investigadora del caso Lava Jato al [&hellip;]<\/p>\n","protected":false},"author":1,"featured_media":37223,"comment_status":"open","ping_status":"open","sticky":false,"template":"","format":"standard","meta":{"rop_custom_images_group":[],"rop_custom_messages_group":[],"rop_publish_now":"initial","rop_publish_now_accounts":[],"rop_publish_now_history":[],"rop_publish_now_status":"pending","footnotes":""},"categories":[5],"tags":[854,192,557,656],"class_list":["post-37221","post","type-post","status-publish","format-standard","has-post-thumbnail","hentry","category-actualidad-informativa","tag-alan-garcia","tag-congreso","tag-keiko-fujimori","tag-lava-jato"],"_links":{"self":[{"href":"https:\/\/elinformanteperu.com\/index.php\/wp-json\/wp\/v2\/posts\/37221","targetHints":{"allow":["GET"]}}],"collection":[{"href":"https:\/\/elinformanteperu.com\/index.php\/wp-json\/wp\/v2\/posts"}],"about":[{"href":"https:\/\/elinformanteperu.com\/index.php\/wp-json\/wp\/v2\/types\/post"}],"author":[{"embeddable":true,"href":"https:\/\/elinformanteperu.com\/index.php\/wp-json\/wp\/v2\/users\/1"}],"replies":[{"embeddable":true,"href":"https:\/\/elinformanteperu.com\/index.php\/wp-json\/wp\/v2\/comments?post=37221"}],"version-history":[{"count":1,"href":"https:\/\/elinformanteperu.com\/index.php\/wp-json\/wp\/v2\/posts\/37221\/revisions"}],"predecessor-version":[{"id":37224,"href":"https:\/\/elinformanteperu.com\/index.php\/wp-json\/wp\/v2\/posts\/37221\/revisions\/37224"}],"wp:featuredmedia":[{"embeddable":true,"href":"https:\/\/elinformanteperu.com\/index.php\/wp-json\/wp\/v2\/media\/37223"}],"wp:attachment":[{"href":"https:\/\/elinformanteperu.com\/index.php\/wp-json\/wp\/v2\/media?parent=37221"}],"wp:term":[{"taxonomy":"category","embeddable":true,"href":"https:\/\/elinformanteperu.com\/index.php\/wp-json\/wp\/v2\/categories?post=37221"},{"taxonomy":"post_tag","embeddable":true,"href":"https:\/\/elinformanteperu.com\/index.php\/wp-json\/wp\/v2\/tags?post=37221"}],"curies":[{"name":"wp","href":"https:\/\/api.w.org\/{rel}","templated":true}]}}