{"id":37217,"date":"2018-11-09T21:30:17","date_gmt":"2018-11-10T02:30:17","guid":{"rendered":"http:\/\/elinformanteperu.com\/?p=37217"},"modified":"2018-11-09T21:30:17","modified_gmt":"2018-11-10T02:30:17","slug":"llegaremos-al-bicentenario-como-una-nacion-unida-destaca-balbuena","status":"publish","type":"post","link":"https:\/\/elinformanteperu.com\/index.php\/2018\/11\/09\/llegaremos-al-bicentenario-como-una-nacion-unida-destaca-balbuena\/","title":{"rendered":"Llegaremos al Bicentenario como una naci\u00f3n unida, destaca Balbuena"},"content":{"rendered":"<p><strong><span style=\"color: #000000;\">La ministra de Cultura, Patricia Balbuena, asever\u00f3 que el Per\u00fa aspira a llegar al Bicentenario como una naci\u00f3n unida, que busca la integraci\u00f3n.<\/span><\/strong><\/p>\n<p><span style=\"color: #000000;\"><strong>Lima, 09 de Noviembre 2018, (ANDINA).-<\/strong> La ministra de Cultura, Patricia Balbuena, asever\u00f3 que el Per\u00fa aspira a llegar al Bicentenario como una naci\u00f3n unida, que busca la integraci\u00f3n interna y superar sus fragmentaciones.<\/span><\/p>\n<p><span style=\"color: #000000;\">Dijo que, actualmente, el Per\u00fa trata de mirarse como un pa\u00eds integrado y que, no obstante sus problemas, se construye sobre la fragmentaci\u00f3n y la separaci\u00f3n.<\/span><\/p>\n<p><span style=\"color: #000000;\">\u201cEntonces, llegamos al Bicentenario como un pa\u00eds que busca la integraci\u00f3n interna, superar sus fragmentaciones y constituirse en una naci\u00f3n unida. El gran ideal del nacimiento de la Rep\u00fablica fue la uni\u00f3n, pero diferentes factores impidieron pegar esas piezas\u201d, expres\u00f3 al diario El Peruano.<\/span><\/p>\n<p><span style=\"color: #000000;\">Refiri\u00f3 que m\u00e1s all\u00e1 del proceso de mestizaje, existe todav\u00eda una gran diversidad excluida de las decisiones importantes sobre el Per\u00fa, por ejemplo, sobre poblaciones de afroperuanos e ind\u00edgenas en que est\u00e1n alojadas las mayores brechas de pobreza y desigualdad.<\/span><\/p>\n<p><span style=\"color: #000000;\">Record\u00f3 que la agenda conmemorativa fue propuesta al Consejo de Ministros y ha sido aprobada con ejes emblem\u00e1ticos como el de los grandes proyectos que el gobierno del presidente Mart\u00edn Vizcarra entregar\u00e1 al Per\u00fa en el 2021.<\/span><\/p>\n<p><span style=\"color: #000000;\">All\u00ed est\u00e1n, por ejemplo, la L\u00ednea 2 del Metro, la ampliaci\u00f3n del aeropuerto Jorge Ch\u00e1vez.<\/span><\/p>\n<p><span style=\"color: #000000;\">Estamos avanzando para tener un 90% del pa\u00eds conectado por v\u00eda terrestre. Y en proyectos netamente culturales, tenemos como gran obra el Museo de la Naci\u00f3n, el Muna, entre otros, sostuvo.<\/span><\/p>\n<p><span style=\"color: #000000;\">Dijo tambi\u00e9n que el Bicentenario no es un gran festival, sino un proceso en el cual los peruanos deben pensar e imaginar qu\u00e9 pa\u00eds queremos dejar a las siguientes generaciones.<\/span><\/p>\n<p><span style=\"color: #000000;\">Para el 2021, la intenci\u00f3n es fijar la idea del pa\u00eds que queremos para los cien a\u00f1os siguientes, remarc\u00f3.<\/span><\/p>\n","protected":false},"excerpt":{"rendered":"<p>La ministra de Cultura, Patricia Balbuena, asever\u00f3 que el Per\u00fa aspira a llegar al Bicentenario como una naci\u00f3n unida, que busca la integraci\u00f3n. Lima, 09 de Noviembre 2018, (ANDINA).- La ministra de Cultura, Patricia Balbuena, asever\u00f3 que el Per\u00fa aspira a llegar al Bicentenario como una naci\u00f3n unida, que busca la integraci\u00f3n interna y superar [&hellip;]<\/p>\n","protected":false},"author":1,"featured_media":37219,"comment_status":"open","ping_status":"open","sticky":false,"template":"","format":"standard","meta":{"rop_custom_images_group":[],"rop_custom_messages_group":[],"rop_publish_now":"initial","rop_publish_now_accounts":[],"rop_publish_now_history":[],"rop_publish_now_status":"pending","footnotes":""},"categories":[5],"tags":[3794,105,3157],"class_list":["post-37217","post","type-post","status-publish","format-standard","has-post-thumbnail","hentry","category-actualidad-informativa","tag-bicentenario","tag-ministerio-de-cultura","tag-patricia-balbuena"],"_links":{"self":[{"href":"https:\/\/elinformanteperu.com\/index.php\/wp-json\/wp\/v2\/posts\/37217","targetHints":{"allow":["GET"]}}],"collection":[{"href":"https:\/\/elinformanteperu.com\/index.php\/wp-json\/wp\/v2\/posts"}],"about":[{"href":"https:\/\/elinformanteperu.com\/index.php\/wp-json\/wp\/v2\/types\/post"}],"author":[{"embeddable":true,"href":"https:\/\/elinformanteperu.com\/index.php\/wp-json\/wp\/v2\/users\/1"}],"replies":[{"embeddable":true,"href":"https:\/\/elinformanteperu.com\/index.php\/wp-json\/wp\/v2\/comments?post=37217"}],"version-history":[{"count":1,"href":"https:\/\/elinformanteperu.com\/index.php\/wp-json\/wp\/v2\/posts\/37217\/revisions"}],"predecessor-version":[{"id":37220,"href":"https:\/\/elinformanteperu.com\/index.php\/wp-json\/wp\/v2\/posts\/37217\/revisions\/37220"}],"wp:featuredmedia":[{"embeddable":true,"href":"https:\/\/elinformanteperu.com\/index.php\/wp-json\/wp\/v2\/media\/37219"}],"wp:attachment":[{"href":"https:\/\/elinformanteperu.com\/index.php\/wp-json\/wp\/v2\/media?parent=37217"}],"wp:term":[{"taxonomy":"category","embeddable":true,"href":"https:\/\/elinformanteperu.com\/index.php\/wp-json\/wp\/v2\/categories?post=37217"},{"taxonomy":"post_tag","embeddable":true,"href":"https:\/\/elinformanteperu.com\/index.php\/wp-json\/wp\/v2\/tags?post=37217"}],"curies":[{"name":"wp","href":"https:\/\/api.w.org\/{rel}","templated":true}]}}