{"id":36952,"date":"2018-11-07T21:00:38","date_gmt":"2018-11-08T02:00:38","guid":{"rendered":"http:\/\/elinformanteperu.com\/?p=36952"},"modified":"2018-11-07T21:00:38","modified_gmt":"2018-11-08T02:00:38","slug":"chavarry-dice-que-alteracion-de-notas-fue-un-problema-tecnico","status":"publish","type":"post","link":"https:\/\/elinformanteperu.com\/index.php\/2018\/11\/07\/chavarry-dice-que-alteracion-de-notas-fue-un-problema-tecnico\/","title":{"rendered":"Ch\u00e1varry dice que alteraci\u00f3n de notas fue un problema t\u00e9cnico"},"content":{"rendered":"<p><strong><span style=\"color: #000000;\">El fiscal de la Naci\u00f3n, Pedro Ch\u00e1varry, asegur\u00f3 que durante su proceso de ratificaci\u00f3n como fiscal supremo no hubo un cambio de notas, sino un problema t\u00e9cnico.<\/span><\/strong><\/p>\n<p><span style=\"color: #000000;\"><strong>Lima, 07 de Noviembre 2018, (ANDINA).-<\/strong> El fiscal de la Naci\u00f3n, Pedro Ch\u00e1varry, asegur\u00f3 que durante su proceso de ratificaci\u00f3n como fiscal supremo no hubo un cambio de notas, sino un problema t\u00e9cnico, el cual se present\u00f3 tambi\u00e9n con otros evaluados por el entonces Consejo Nacional de la Magistratura (CNM).<\/span><\/p>\n<p><span style=\"color: #000000;\">Sostuvo que la evaluaci\u00f3n es un procedimiento interno del exCNM, con el cual el participante no tiene relaci\u00f3n ni contacto porque todo el proceso transcurre en forma virtual.<\/span><\/p>\n<p><span style=\"color: #000000;\">\u201cNo fue un cambio de notas sino un problema t\u00e9cnico, no solo conmigo sino con los dem\u00e1s postulantes, eso se rectific\u00f3 el mismo d\u00eda. No hubo cambio de notas, pas\u00e9 una evaluaci\u00f3n en el marco legal\u201d, afirm\u00f3.<\/span><\/p>\n<p><span style=\"color: #000000;\">Hoy, el diario El Comercio public\u00f3 el testimonio del abogado Miguel Montoya, trabajador de la Direcci\u00f3n de Evaluaci\u00f3n y Ratificaci\u00f3n del entonces CNM quien asegura que registr\u00f3 en el sistema virtual las notas y los comentarios del equipo evaluador sobre el fiscal Pedro Ch\u00e1varry.<\/span><\/p>\n<p><span style=\"color: #000000;\">Al d\u00eda siguiente, se\u00f1ala Montoya en su declaraci\u00f3n a la Fiscal\u00eda, un t\u00e9cnico de la Oficina de Tecnolog\u00eda de la Informaci\u00f3n (OTI) le dijo que \u201cel sistema no ha realizado la sumatoria correcta de las calificaciones\u201d.<\/span><\/p>\n<p><span style=\"color: #000000;\">Indic\u00f3 que la oficina de inform\u00e1tica habr\u00eda cambiado la nota y tambi\u00e9n modificado el contenido de los comentarios que hab\u00edan hecho los abogados evaluadores.<\/span><\/p>\n<p><span style=\"color: #000000;\">Al respecto, Pedro Ch\u00e1varry asegur\u00f3 que el director general y el director t\u00e9cnico del exCNM declararon ante la Fiscal\u00eda que ese d\u00eda se produjo un problema en el sistema.<\/span><\/p>\n<p><span style=\"color: #000000;\">Reiter\u00f3 que no tiene acceso al sistema de evaluaci\u00f3n del CNM y que su ratificaci\u00f3n un\u00e1nime le fue comunicada tambi\u00e9n en forma virtual.<\/span><\/p>\n<p><strong><span style=\"color: #000000;\">Jos\u00e9 Domingo P\u00e9rez<\/span><\/strong><\/p>\n<p><span style=\"color: #000000;\">Pedro Ch\u00e1varry, asimismo, dijo que asistir\u00e1 a la citaci\u00f3n del fiscal Jos\u00e9 Domingo P\u00e9rez, que investiga a Keiko Fujimori y los aportes para su campa\u00f1a presidencial del 2011.<\/span><\/p>\n<p><span style=\"color: #000000;\">Cuestion\u00f3, sin embargo, la forma c\u00f3mo se enter\u00f3 de la citaci\u00f3n, a trav\u00e9s de los medios, pues al ser su superior debe ser \u00e9l quien defina la forma y la hora para declarar y, adem\u00e1s, conocer las razones de la convocatoria y qu\u00e9 quiere saber de \u00e9l.<\/span><\/p>\n<p><span style=\"color: #000000;\">Reiter\u00f3 que como fiscal de la Naci\u00f3n tiene la facultad para remover al fiscal Jos\u00e9 Domingo P\u00e9rez y a todos los fiscales \u201cque no cumplen con su obligaci\u00f3n\u201d y que \u201cno tienen las formas de dirigirse a su superior\u201d.<\/span><\/p>\n<p><span style=\"color: #000000;\">\u201cMe parece un altanero\u201d, dijo en ATV al referirse al fiscal Jos\u00e9 Domingo P\u00e9rez.<\/span><\/p>\n","protected":false},"excerpt":{"rendered":"<p>El fiscal de la Naci\u00f3n, Pedro Ch\u00e1varry, asegur\u00f3 que durante su proceso de ratificaci\u00f3n como fiscal supremo no hubo un cambio de notas, sino un problema t\u00e9cnico. Lima, 07 de Noviembre 2018, (ANDINA).- El fiscal de la Naci\u00f3n, Pedro Ch\u00e1varry, asegur\u00f3 que durante su proceso de ratificaci\u00f3n como fiscal supremo no hubo un cambio de [&hellip;]<\/p>\n","protected":false},"author":1,"featured_media":35292,"comment_status":"open","ping_status":"open","sticky":false,"template":"","format":"standard","meta":{"rop_custom_images_group":[],"rop_custom_messages_group":[],"rop_publish_now":"initial","rop_publish_now_accounts":[],"rop_publish_now_history":[],"rop_publish_now_status":"pending","footnotes":""},"categories":[5],"tags":[459,460,3209],"class_list":["post-36952","post","type-post","status-publish","format-standard","has-post-thumbnail","hentry","category-actualidad-informativa","tag-cnm","tag-consejo-nacional-de-la-magistratura","tag-pedro-chavarry"],"_links":{"self":[{"href":"https:\/\/elinformanteperu.com\/index.php\/wp-json\/wp\/v2\/posts\/36952","targetHints":{"allow":["GET"]}}],"collection":[{"href":"https:\/\/elinformanteperu.com\/index.php\/wp-json\/wp\/v2\/posts"}],"about":[{"href":"https:\/\/elinformanteperu.com\/index.php\/wp-json\/wp\/v2\/types\/post"}],"author":[{"embeddable":true,"href":"https:\/\/elinformanteperu.com\/index.php\/wp-json\/wp\/v2\/users\/1"}],"replies":[{"embeddable":true,"href":"https:\/\/elinformanteperu.com\/index.php\/wp-json\/wp\/v2\/comments?post=36952"}],"version-history":[{"count":1,"href":"https:\/\/elinformanteperu.com\/index.php\/wp-json\/wp\/v2\/posts\/36952\/revisions"}],"predecessor-version":[{"id":36954,"href":"https:\/\/elinformanteperu.com\/index.php\/wp-json\/wp\/v2\/posts\/36952\/revisions\/36954"}],"wp:featuredmedia":[{"embeddable":true,"href":"https:\/\/elinformanteperu.com\/index.php\/wp-json\/wp\/v2\/media\/35292"}],"wp:attachment":[{"href":"https:\/\/elinformanteperu.com\/index.php\/wp-json\/wp\/v2\/media?parent=36952"}],"wp:term":[{"taxonomy":"category","embeddable":true,"href":"https:\/\/elinformanteperu.com\/index.php\/wp-json\/wp\/v2\/categories?post=36952"},{"taxonomy":"post_tag","embeddable":true,"href":"https:\/\/elinformanteperu.com\/index.php\/wp-json\/wp\/v2\/tags?post=36952"}],"curies":[{"name":"wp","href":"https:\/\/api.w.org\/{rel}","templated":true}]}}