{"id":36948,"date":"2018-11-07T20:58:25","date_gmt":"2018-11-08T01:58:25","guid":{"rendered":"http:\/\/elinformanteperu.com\/?p=36948"},"modified":"2018-11-07T20:58:25","modified_gmt":"2018-11-08T01:58:25","slug":"testigo-asegura-que-notas-de-chavarry-en-el-cnm-si-fueron-alteradas","status":"publish","type":"post","link":"https:\/\/elinformanteperu.com\/index.php\/2018\/11\/07\/testigo-asegura-que-notas-de-chavarry-en-el-cnm-si-fueron-alteradas\/","title":{"rendered":"Testigo asegura que notas de Ch\u00e1varry en el CNM s\u00ed fueron alteradas"},"content":{"rendered":"<p><strong><span style=\"color: #000000;\">Un testigo que trabaja en el Consejo Nacional de la Magistratura (CNM), asegur\u00f3 que las calificaciones de Pedro Ch\u00e1varry s\u00ed fueron alteradas.<\/span><\/strong><\/p>\n<p><span style=\"color: #000000;\"><strong>Lima, 07 de Noviembre 2018, (ANDINA).-<\/strong> Un testigo que trabaja en el Consejo Nacional de la Magistratura (CNM), asegur\u00f3 que las calificaciones de Pedro Ch\u00e1varry en el proceso de evaluaci\u00f3n de esta entidad s\u00ed fueron alteradas para favorecer su ratificaci\u00f3n.<\/span><\/p>\n<p><span style=\"color: #000000;\">Seg\u00fan inform\u00f3 el diario El Comercio, Miguel Montoya, trabajador de la Direcci\u00f3n de Evaluaci\u00f3n y Ratificaci\u00f3n del CNM, declar\u00f3 ante la Fiscal\u00eda Especializada en Crimen Organizado del Callao que las calificaciones de Pedro Ch\u00e1varry y Josu\u00e9 Pariona habr\u00edan sufrido alteraciones el pasado 28 de junio, en pleno proceso de ratificaci\u00f3n.<\/span><\/p>\n<p><span style=\"color: #000000;\">En el caso de Ch\u00e1varry, su puntaje subi\u00f3 de 69.22 a 79.72, es decir, de la categor\u00eda de insuficiente a bueno.<\/span><\/p>\n<p><span style=\"color: #000000;\">Montoya -uno de los abogados responsables de ingresar en el sistema virtual del CNM la informaci\u00f3n de los procesos de ratificaci\u00f3n- dijo que el 27 de junio dej\u00f3 debidamente registrados las notas y los comentarios sobre Ch\u00e1varry.<\/span><\/p>\n<p><span style=\"color: #000000;\">No obstante, un d\u00eda despu\u00e9s, el t\u00e9cnico de la Oficina de Tecnolog\u00eda de la Informaci\u00f3n (OTI), Eduardo Vargas, le dijo que el sistema no hab\u00eda sumado correctamente las calificaciones, por lo cual era necesario corregirlo.<\/span><\/p>\n<p><span style=\"color: #000000;\">Precis\u00f3 que su acceso al sistema virtual fue restringido y cualquier correcci\u00f3n en las calificaciones solo podr\u00eda realizarse desde la OTI<\/span><\/p>\n<p><span style=\"color: #000000;\">\u00c9l [Eduardo Vargas] se retira y regresa despu\u00e9s de 20 minutos y me dice: \u2018Ya lo correg\u00ed, doctor\u2019\u201d.<\/span><\/p>\n<p><span style=\"color: #000000;\">\u201cLe dije: \u2018Eduardo, \u00bfqu\u00e9 pas\u00f3? Has cambiado las calificaciones\u2019, y \u00e9l no me respondi\u00f3, se qued\u00f3 callado [\u2026]\u201d, se\u00f1ala El Comercio.<\/span><\/p>\n<p><span style=\"color: #000000;\">Montoya se\u00f1al\u00f3 que los textos en los comentarios de uno de los abogados evaluadores tambi\u00e9n hab\u00edan sido modificados.<\/span><\/p>\n<p><span style=\"color: #000000;\">Por su parte, Jos\u00e9 Alarc\u00f3n, jefe de la OTI, neg\u00f3 que las notas hayan sido alteradas y atribuy\u00f3 los cambios a errores en el sistema inform\u00e1tico.<\/span><\/p>\n<p><span style=\"color: #000000;\">La hip\u00f3tesis de algunos sectores es que en el CNM, en ese entonces conformado por los consejeros que meses despu\u00e9s protagonizaron audios con el juez C\u00e9sar Hinostroza, se modificaron las notas de Ch\u00e1varry para facilitar su ratificaci\u00f3n y apoyar su posible nombramiento como fiscal de la Naci\u00f3n.<\/span><\/p>\n","protected":false},"excerpt":{"rendered":"<p>Un testigo que trabaja en el Consejo Nacional de la Magistratura (CNM), asegur\u00f3 que las calificaciones de Pedro Ch\u00e1varry s\u00ed fueron alteradas. Lima, 07 de Noviembre 2018, (ANDINA).- Un testigo que trabaja en el Consejo Nacional de la Magistratura (CNM), asegur\u00f3 que las calificaciones de Pedro Ch\u00e1varry en el proceso de evaluaci\u00f3n de esta entidad [&hellip;]<\/p>\n","protected":false},"author":1,"featured_media":36950,"comment_status":"open","ping_status":"open","sticky":false,"template":"","format":"standard","meta":{"rop_custom_images_group":[],"rop_custom_messages_group":[],"rop_publish_now":"initial","rop_publish_now_accounts":[],"rop_publish_now_history":[],"rop_publish_now_status":"pending","footnotes":""},"categories":[5],"tags":[459,460,3209],"class_list":["post-36948","post","type-post","status-publish","format-standard","has-post-thumbnail","hentry","category-actualidad-informativa","tag-cnm","tag-consejo-nacional-de-la-magistratura","tag-pedro-chavarry"],"_links":{"self":[{"href":"https:\/\/elinformanteperu.com\/index.php\/wp-json\/wp\/v2\/posts\/36948","targetHints":{"allow":["GET"]}}],"collection":[{"href":"https:\/\/elinformanteperu.com\/index.php\/wp-json\/wp\/v2\/posts"}],"about":[{"href":"https:\/\/elinformanteperu.com\/index.php\/wp-json\/wp\/v2\/types\/post"}],"author":[{"embeddable":true,"href":"https:\/\/elinformanteperu.com\/index.php\/wp-json\/wp\/v2\/users\/1"}],"replies":[{"embeddable":true,"href":"https:\/\/elinformanteperu.com\/index.php\/wp-json\/wp\/v2\/comments?post=36948"}],"version-history":[{"count":1,"href":"https:\/\/elinformanteperu.com\/index.php\/wp-json\/wp\/v2\/posts\/36948\/revisions"}],"predecessor-version":[{"id":36951,"href":"https:\/\/elinformanteperu.com\/index.php\/wp-json\/wp\/v2\/posts\/36948\/revisions\/36951"}],"wp:featuredmedia":[{"embeddable":true,"href":"https:\/\/elinformanteperu.com\/index.php\/wp-json\/wp\/v2\/media\/36950"}],"wp:attachment":[{"href":"https:\/\/elinformanteperu.com\/index.php\/wp-json\/wp\/v2\/media?parent=36948"}],"wp:term":[{"taxonomy":"category","embeddable":true,"href":"https:\/\/elinformanteperu.com\/index.php\/wp-json\/wp\/v2\/categories?post=36948"},{"taxonomy":"post_tag","embeddable":true,"href":"https:\/\/elinformanteperu.com\/index.php\/wp-json\/wp\/v2\/tags?post=36948"}],"curies":[{"name":"wp","href":"https:\/\/api.w.org\/{rel}","templated":true}]}}