{"id":36940,"date":"2018-11-07T20:50:31","date_gmt":"2018-11-08T01:50:31","guid":{"rendered":"http:\/\/elinformanteperu.com\/?p=36940"},"modified":"2018-11-07T22:01:38","modified_gmt":"2018-11-08T03:01:38","slug":"lambayeque-cinco-albergues-temporales-acogen-a-migrantes-venezonalos","status":"publish","type":"post","link":"https:\/\/elinformanteperu.com\/index.php\/2018\/11\/07\/lambayeque-cinco-albergues-temporales-acogen-a-migrantes-venezonalos\/","title":{"rendered":"Lambayeque: cinco albergues temporales acogen a migrantes venezolanos"},"content":{"rendered":"<p><strong><span style=\"color: #000000;\">Cinco albergues temporales, ubicados en parroquias de la Di\u00f3cesis de Chiclayo, funcionan para brindar ayuda humanitaria a los migrantes venezolanos.<\/span><\/strong><\/p>\n<p><span style=\"color: #000000;\"><strong>Chiclayo, 07 de Noviembre 2018, (ANDINA).-<\/strong> Cinco albergues temporales, ubicados en parroquias de la Di\u00f3cesis de Chiclayo, funcionan en la regi\u00f3n Lambayeque, para brindar ayuda humanitaria a los migrantes venezolanos que arribaron a esta localidad norte\u00f1a.<\/span><\/p>\n<p><span style=\"color: #000000;\">La coordinadora de la Comisi\u00f3n de Movilidad Humana y Trata de Personas de la Di\u00f3cesis de Chiclayo, Yolanda D\u00edaz Callirgos, inform\u00f3 que se cobija a venezolanos en albergues de los Padres Vicentinos y de las hermanas Adoratrices, as\u00ed como de las parroquias Santa Ana, San Jos\u00e9 y de Reque.<\/span><\/p>\n<p><span style=\"color: #000000;\">\u00abHay albergues para mujeres, varones y familias que est\u00e1n de paso como en Reque, que recibe diariamente a unas 18 personas\u201d, asegur\u00f3, al precisar que son de car\u00e1cter temporal, mientras los ciudadanos extranjeros se establecen en un lugar.<\/span><\/p>\n<p><span style=\"color: #000000;\">En los albergues se les brinda alimentaci\u00f3n, ropa, techo y acompa\u00f1amiento personal porque llegan con una carga emocional muy fuerte.<\/span><\/p>\n<p><span style=\"color: #000000;\">Sin embargo, reconoci\u00f3 que la situaci\u00f3n supera su capacidad de atenci\u00f3n, por lo que es necesario el apoyo del Estado con sus comedores populares y de otras iglesias.<\/span><\/p>\n<p><strong><span style=\"color: #000000;\">Abren sus casas<\/span><\/strong><\/p>\n<p><span style=\"color: #000000;\">\u201cSabemos que familias est\u00e1n abriendo sus casas para albergar a estas personas y otras iglesias est\u00e1n implementando albergues. Se trata de una ayuda humanitaria que nos compete a todos para atender a estas personas, que buscan mejores oportunidades\u201d, sostuvo.<\/span><\/p>\n<p><span style=\"color: #000000;\">D\u00edaz mencion\u00f3 que el comedor m\u00e1s grande que tienen en Lambayeque es el de los Padres Vicentinos que diariamente brinda unas 150 raciones gratuitas de almuerzo y muchos de los beneficiarios son venezolanos.<\/span><\/p>\n<p><span style=\"color: #000000;\">\u201cEn los albergues tambi\u00e9n funcionan comedores; creo que los comedores populares tienen que abrirse para esta poblaci\u00f3n necesitada\u201d, propuso.<\/span><\/p>\n<p><span style=\"color: #000000;\">Indic\u00f3 que en el \u00faltimo mes han albergado alrededor de 400 personas y siguen llegando m\u00e1s.<\/span><\/p>\n<p><span style=\"color: #000000;\">\u201cExiste una Oficina de Informaci\u00f3n al Migrante, que funciona en la calle Izaga 766 de Chiclayo, de 9:00 a 13:00 horas y de 16:00 a 18:00 horas\u201d, detall\u00f3.<\/span><\/p>\n<p><span style=\"color: #000000;\">Mencion\u00f3 que los ciudadanos acogidos en los albergues de esta zona est\u00e1n debidamente identificados, siendo un ejemplo de ello la parroquia de Reque.<\/span><\/p>\n<p><span style=\"color: #000000;\">Dijo que muchos hermanos venezolanos presentan problemas de salud y, adem\u00e1s, sus ni\u00f1os no est\u00e1n estudiando.<\/span><\/p>\n<p><span style=\"color: #000000;\">\u201cDe un grupo de 400 hemos encontrado que solo el 16 % tiene su permiso temporal de permanencia (PTP) en el pa\u00eds, significa que se dedican a trabajar informalmente, pese a que cerca de un 90 % son profesionales (m\u00e9dicos, abogados, profesores y otras profesiones)\u201d, refiri\u00f3.<\/span><\/p>\n<p><span style=\"color: #000000;\">La pr\u00f3xima semana se instalar\u00e1 en Lambayeque una mesa de trabajo intersectorial, al amparo de las disposiciones del Ministerio de Relaciones Exteriores, para analizar la problem\u00e1tica de la migraci\u00f3n venezolana en esta zona y articular acciones.<\/span><\/p>\n","protected":false},"excerpt":{"rendered":"<p>Cinco albergues temporales, ubicados en parroquias de la Di\u00f3cesis de Chiclayo, funcionan para brindar ayuda humanitaria a los migrantes venezolanos. Chiclayo, 07 de Noviembre 2018, (ANDINA).- Cinco albergues temporales, ubicados en parroquias de la Di\u00f3cesis de Chiclayo, funcionan en la regi\u00f3n Lambayeque, para brindar ayuda humanitaria a los migrantes venezolanos que arribaron a esta localidad [&hellip;]<\/p>\n","protected":false},"author":1,"featured_media":36942,"comment_status":"open","ping_status":"open","sticky":false,"template":"","format":"standard","meta":{"rop_custom_images_group":[],"rop_custom_messages_group":[],"rop_publish_now":"initial","rop_publish_now_accounts":[],"rop_publish_now_history":[],"rop_publish_now_status":"pending","footnotes":""},"categories":[10],"tags":[3729,1090],"class_list":["post-36940","post","type-post","status-publish","format-standard","has-post-thumbnail","hentry","category-actualidad-municipal","tag-chiclayo","tag-region-lambayeque"],"_links":{"self":[{"href":"https:\/\/elinformanteperu.com\/index.php\/wp-json\/wp\/v2\/posts\/36940","targetHints":{"allow":["GET"]}}],"collection":[{"href":"https:\/\/elinformanteperu.com\/index.php\/wp-json\/wp\/v2\/posts"}],"about":[{"href":"https:\/\/elinformanteperu.com\/index.php\/wp-json\/wp\/v2\/types\/post"}],"author":[{"embeddable":true,"href":"https:\/\/elinformanteperu.com\/index.php\/wp-json\/wp\/v2\/users\/1"}],"replies":[{"embeddable":true,"href":"https:\/\/elinformanteperu.com\/index.php\/wp-json\/wp\/v2\/comments?post=36940"}],"version-history":[{"count":2,"href":"https:\/\/elinformanteperu.com\/index.php\/wp-json\/wp\/v2\/posts\/36940\/revisions"}],"predecessor-version":[{"id":36998,"href":"https:\/\/elinformanteperu.com\/index.php\/wp-json\/wp\/v2\/posts\/36940\/revisions\/36998"}],"wp:featuredmedia":[{"embeddable":true,"href":"https:\/\/elinformanteperu.com\/index.php\/wp-json\/wp\/v2\/media\/36942"}],"wp:attachment":[{"href":"https:\/\/elinformanteperu.com\/index.php\/wp-json\/wp\/v2\/media?parent=36940"}],"wp:term":[{"taxonomy":"category","embeddable":true,"href":"https:\/\/elinformanteperu.com\/index.php\/wp-json\/wp\/v2\/categories?post=36940"},{"taxonomy":"post_tag","embeddable":true,"href":"https:\/\/elinformanteperu.com\/index.php\/wp-json\/wp\/v2\/tags?post=36940"}],"curies":[{"name":"wp","href":"https:\/\/api.w.org\/{rel}","templated":true}]}}