{"id":36929,"date":"2018-11-07T20:38:44","date_gmt":"2018-11-08T01:38:44","guid":{"rendered":"http:\/\/elinformanteperu.com\/?p=36929"},"modified":"2018-11-07T20:38:44","modified_gmt":"2018-11-08T01:38:44","slug":"colegios-incluiran-lucha-contra-la-anemia-en-calendario-civico-escolar","status":"publish","type":"post","link":"https:\/\/elinformanteperu.com\/index.php\/2018\/11\/07\/colegios-incluiran-lucha-contra-la-anemia-en-calendario-civico-escolar\/","title":{"rendered":"Colegios incluir\u00e1n lucha contra la anemia en Calendario C\u00edvico Escolar"},"content":{"rendered":"<p><strong><span style=\"color: #000000;\">Los colegios p\u00fablicos y privados de todo el Per\u00fa celebrar\u00e1n en abril y diciembre de cada a\u00f1o actividades que promuevan la lucha contra la anemia.<\/span><\/strong><\/p>\n<p><span style=\"color: #000000;\"><strong>Lima, 07 de Noviembre 2018, (ANDINA).-<\/strong> Los colegios p\u00fablicos y privados de todo el Per\u00fa celebrar\u00e1n en abril y diciembre de cada a\u00f1o actividades que promuevan la lucha contra la anemia, una enfermedad que afecta el desarrollo f\u00edsico y emocional de las personas.<\/span><\/p>\n<p><span style=\"color: #000000;\">As\u00ed lo dispone la resoluci\u00f3n ministerial N\u00b0 600-2018-Minedu publicada hoy en las normas legales El Peruano con la firma del titular del sector Daniel Alfaro.<\/span><\/p>\n<p><span style=\"color: #000000;\">De acuerdo con la norma, las instituciones y programas educativos de la educaci\u00f3n b\u00e1sica, p\u00fablicos y privados, deben incorporar en su Calendario C\u00edvico Escolar la Semana de la Lucha contra la Anemia.<\/span><\/p>\n<p><span style=\"color: #000000;\">Esto ocurrir\u00e1 la primera semana del mes de abril y la primera semana de diciembre de todos los a\u00f1os, a\u00f1ade la resoluci\u00f3n que adem\u00e1s aprueba las disposiciones para implementar dichas semanas en los colegios.<\/span><\/p>\n<p><span style=\"color: #000000;\">La norma recuerda que uno de los lineamientos prioritarios de gobierno es la reducci\u00f3n de la anemia infantil en ni\u00f1os y ni\u00f1as de 6 a 35 meses, con enfoque en la prevenci\u00f3n.<\/span><\/p>\n<p><span style=\"color: #000000;\">El Ejecutivo ya ha aprobado el \u201cPlan Multisectorial de Lucha contra la Anemia\u201d, que articula las intervenciones en este campo implementadas por el gobierno nacional, los gobiernos regionales y los gobiernos locales en el territorio.<\/span><\/p>\n<p><span style=\"color: #000000;\">Esta ma\u00f1ana, al lanzar la campa\u00f1a nacional \u201cAmor de Hierro\u201d para luchar contra la anemia, el presidente de la Rep\u00fablica, Mart\u00edn Vizcarra, recalc\u00f3 que la meta de su gesti\u00f3n es reducir la anemia a menos del 20 por ciento.<\/span><\/p>\n<p><span style=\"color: #000000;\">\u00abLa meta es que al 2021 podamos bajar la anemia a menos del 20 por ciento, si lo hacemos juntos y de manera perseverante vamos a lograrlo y esa ser\u00e1 la mejor herencia para nuestros hijos, una vida sana que pueda llevarse adelante sin limitaci\u00f3n\u00bb, afirm\u00f3.<\/span><\/p>\n","protected":false},"excerpt":{"rendered":"<p>Los colegios p\u00fablicos y privados de todo el Per\u00fa celebrar\u00e1n en abril y diciembre de cada a\u00f1o actividades que promuevan la lucha contra la anemia. Lima, 07 de Noviembre 2018, (ANDINA).- Los colegios p\u00fablicos y privados de todo el Per\u00fa celebrar\u00e1n en abril y diciembre de cada a\u00f1o actividades que promuevan la lucha contra la [&hellip;]<\/p>\n","protected":false},"author":1,"featured_media":4260,"comment_status":"open","ping_status":"open","sticky":false,"template":"","format":"standard","meta":{"rop_custom_images_group":[],"rop_custom_messages_group":[],"rop_publish_now":"initial","rop_publish_now_accounts":[],"rop_publish_now_history":[],"rop_publish_now_status":"pending","footnotes":""},"categories":[10],"tags":[3020,1668,328,431],"class_list":["post-36929","post","type-post","status-publish","format-standard","has-post-thumbnail","hentry","category-actualidad-municipal","tag-daniel-alfaro","tag-minedu","tag-ministerio-de-de-educacion","tag-minsa"],"_links":{"self":[{"href":"https:\/\/elinformanteperu.com\/index.php\/wp-json\/wp\/v2\/posts\/36929","targetHints":{"allow":["GET"]}}],"collection":[{"href":"https:\/\/elinformanteperu.com\/index.php\/wp-json\/wp\/v2\/posts"}],"about":[{"href":"https:\/\/elinformanteperu.com\/index.php\/wp-json\/wp\/v2\/types\/post"}],"author":[{"embeddable":true,"href":"https:\/\/elinformanteperu.com\/index.php\/wp-json\/wp\/v2\/users\/1"}],"replies":[{"embeddable":true,"href":"https:\/\/elinformanteperu.com\/index.php\/wp-json\/wp\/v2\/comments?post=36929"}],"version-history":[{"count":1,"href":"https:\/\/elinformanteperu.com\/index.php\/wp-json\/wp\/v2\/posts\/36929\/revisions"}],"predecessor-version":[{"id":36931,"href":"https:\/\/elinformanteperu.com\/index.php\/wp-json\/wp\/v2\/posts\/36929\/revisions\/36931"}],"wp:featuredmedia":[{"embeddable":true,"href":"https:\/\/elinformanteperu.com\/index.php\/wp-json\/wp\/v2\/media\/4260"}],"wp:attachment":[{"href":"https:\/\/elinformanteperu.com\/index.php\/wp-json\/wp\/v2\/media?parent=36929"}],"wp:term":[{"taxonomy":"category","embeddable":true,"href":"https:\/\/elinformanteperu.com\/index.php\/wp-json\/wp\/v2\/categories?post=36929"},{"taxonomy":"post_tag","embeddable":true,"href":"https:\/\/elinformanteperu.com\/index.php\/wp-json\/wp\/v2\/tags?post=36929"}],"curies":[{"name":"wp","href":"https:\/\/api.w.org\/{rel}","templated":true}]}}