{"id":36922,"date":"2018-11-07T20:30:38","date_gmt":"2018-11-08T01:30:38","guid":{"rendered":"http:\/\/elinformanteperu.com\/?p=36922"},"modified":"2018-11-07T20:30:38","modified_gmt":"2018-11-08T01:30:38","slug":"cercado-de-lima-hospital-informa-situacion-de-sobrevivientes-de-asesinato-multiple","status":"publish","type":"post","link":"https:\/\/elinformanteperu.com\/index.php\/2018\/11\/07\/cercado-de-lima-hospital-informa-situacion-de-sobrevivientes-de-asesinato-multiple\/","title":{"rendered":"Cercado de Lima: hospital informa situaci\u00f3n de sobrevivientes de asesinato m\u00faltiple"},"content":{"rendered":"<p><strong><span style=\"color: #000000;\">Los dos sobrevivientes del asesinato m\u00faltiple en una vivienda del Cercado de Lima en la que habitaban ciudadanos venezolanos han sido estabilizados.<\/span><\/strong><\/p>\n<p><span style=\"color: #000000;\"><strong>Lima, 07 de Noviembre 2018, (ANDINA).-<\/strong> Los dos sobrevivientes del asesinato m\u00faltiple en una vivienda del Cercado de Lima en la que habitaban ciudadanos venezolanos han sido estabilizados por m\u00e9dicos del hospital Arzobispo Loayza, donde se encuentran internados.<\/span><\/p>\n<p><span style=\"color: #000000;\">Seg\u00fan inform\u00f3 el director de dicho nosocomio Juan Enrique Machicado, el menor de dos a\u00f1os y de iniciales D.F.H est\u00e1 todav\u00eda en Unidad de Cuidados Intensivos (UCI) pero ya no necesita la m\u00e1quina para respirar porque ha sido estabilizado.<\/span><\/p>\n<p><span style=\"color: #000000;\">En tanto, el otro sobreviviente de 36 a\u00f1os y de iniciales Y.H.R se encuentra estable luego de presentar heridas punzo cortantes en la cara, brazo, mano derecha, pierna y regi\u00f3n lumbar.<\/span><\/p>\n<p><span style=\"color: #000000;\">Ambos lograron salvarse de Erick Hern\u00e1ndez Ramos (37), quien mat\u00f3 con un cuchillo a su esposa Daimar \u00c1lvarez, a su beb\u00e9 de un a\u00f1o, y a su cu\u00f1ado Daniel Fragoza (35) en la vivienda que alquilaban hace seis meses en la urbanizaci\u00f3n San Fernando.<\/span><\/p>\n<p><span style=\"color: #000000;\">Tras cometer el filicidio, el sujeto huy\u00f3 por la ventana del departamento y corri\u00f3 hacia la avenida donde fue embestido por un veh\u00edculo, muriendo en el momento.<\/span><\/p>\n<p><span style=\"color: #000000;\">Precisamente Machicado inform\u00f3 que Erick Hern\u00e1ndez fue atendido en octubre en el mismo hospital, donde un neur\u00f3logo le diagnostic\u00f3 epilepsia org\u00e1nica, es decir, ten\u00eda da\u00f1o en el cerebro que le produc\u00eda convulsiones. \u00abSe le prescribi\u00f3 los f\u00e1rmacos y fue dado de alta, pero nunca m\u00e1s regres\u00f3\u00bb, apunt\u00f3.<\/span><\/p>\n<p><strong><span style=\"color: #000000;\">Heridos<\/span><\/strong><\/p>\n<p><span style=\"color: #000000;\">Al brindar m\u00e1s detalles del peque\u00f1o herido, el director del Loayza indic\u00f3 que lleg\u00f3 al servicio de emergencia con lesiones en la nariz, el labio, la enc\u00eda, la lengua y la regi\u00f3n maxilar, todo lo cual le ocasion\u00f3 un shock hipovol\u00e9mico.<\/span><\/p>\n<p><span style=\"color: #000000;\">\u00abEl peque\u00f1o est\u00e1 todav\u00eda en UCI, pero test\u00e1 extubado, ya no est\u00e1 respirando con una maquina, est\u00e1 estabilizado. Estamos viendo c\u00f3mo se define la lesi\u00f3n en la lengua para ver el siguiente paso. La mam\u00e1 est\u00e1 siendo manejada por psiquiatr\u00eda\u00bb, refiri\u00f3.<\/span><\/p>\n<p><span style=\"color: #000000;\">En diferentes medios se inform\u00f3 que en el departamento viv\u00edan dos familias venezolanas, una de las cuales (Ramos-Alvarez) carec\u00eda de recursos econ\u00f3micos debido a la enfermedad de Erick. El no pod\u00eda trabajar y su esposa Daimar tampoco debido a que deb\u00eda cuidarlo.<\/span><\/p>\n<p><span style=\"color: #000000;\">Este hecho de sangre ocurre d\u00edas despu\u00e9s del cu\u00e1druple crimen en San Juan de Lurigancho, donde Javier Riera asesin\u00f3 a su esposa y sus tres hijos menores luego que la mujer se negara a retomar la relaci\u00f3n que hab\u00eda terminado por los constantes maltratos de los que era v\u00edctima.<\/span><\/p>\n","protected":false},"excerpt":{"rendered":"<p>Los dos sobrevivientes del asesinato m\u00faltiple en una vivienda del Cercado de Lima en la que habitaban ciudadanos venezolanos han sido estabilizados. Lima, 07 de Noviembre 2018, (ANDINA).- Los dos sobrevivientes del asesinato m\u00faltiple en una vivienda del Cercado de Lima en la que habitaban ciudadanos venezolanos han sido estabilizados por m\u00e9dicos del hospital Arzobispo [&hellip;]<\/p>\n","protected":false},"author":1,"featured_media":36924,"comment_status":"open","ping_status":"open","sticky":false,"template":"","format":"standard","meta":{"rop_custom_images_group":[],"rop_custom_messages_group":[],"rop_publish_now":"initial","rop_publish_now_accounts":[],"rop_publish_now_history":[],"rop_publish_now_status":"pending","footnotes":""},"categories":[10],"tags":[700,388],"class_list":["post-36922","post","type-post","status-publish","format-standard","has-post-thumbnail","hentry","category-actualidad-municipal","tag-hospital-arzobispo-loayza","tag-ministerio-de-salud"],"_links":{"self":[{"href":"https:\/\/elinformanteperu.com\/index.php\/wp-json\/wp\/v2\/posts\/36922","targetHints":{"allow":["GET"]}}],"collection":[{"href":"https:\/\/elinformanteperu.com\/index.php\/wp-json\/wp\/v2\/posts"}],"about":[{"href":"https:\/\/elinformanteperu.com\/index.php\/wp-json\/wp\/v2\/types\/post"}],"author":[{"embeddable":true,"href":"https:\/\/elinformanteperu.com\/index.php\/wp-json\/wp\/v2\/users\/1"}],"replies":[{"embeddable":true,"href":"https:\/\/elinformanteperu.com\/index.php\/wp-json\/wp\/v2\/comments?post=36922"}],"version-history":[{"count":1,"href":"https:\/\/elinformanteperu.com\/index.php\/wp-json\/wp\/v2\/posts\/36922\/revisions"}],"predecessor-version":[{"id":36925,"href":"https:\/\/elinformanteperu.com\/index.php\/wp-json\/wp\/v2\/posts\/36922\/revisions\/36925"}],"wp:featuredmedia":[{"embeddable":true,"href":"https:\/\/elinformanteperu.com\/index.php\/wp-json\/wp\/v2\/media\/36924"}],"wp:attachment":[{"href":"https:\/\/elinformanteperu.com\/index.php\/wp-json\/wp\/v2\/media?parent=36922"}],"wp:term":[{"taxonomy":"category","embeddable":true,"href":"https:\/\/elinformanteperu.com\/index.php\/wp-json\/wp\/v2\/categories?post=36922"},{"taxonomy":"post_tag","embeddable":true,"href":"https:\/\/elinformanteperu.com\/index.php\/wp-json\/wp\/v2\/tags?post=36922"}],"curies":[{"name":"wp","href":"https:\/\/api.w.org\/{rel}","templated":true}]}}