{"id":36918,"date":"2018-11-07T20:27:31","date_gmt":"2018-11-08T01:27:31","guid":{"rendered":"http:\/\/elinformanteperu.com\/?p=36918"},"modified":"2018-11-07T20:27:31","modified_gmt":"2018-11-08T01:27:31","slug":"adoptan-medidas-por-cierre-de-la-auxiliar-de-la-avenida-javier-prado","status":"publish","type":"post","link":"https:\/\/elinformanteperu.com\/index.php\/2018\/11\/07\/adoptan-medidas-por-cierre-de-la-auxiliar-de-la-avenida-javier-prado\/","title":{"rendered":"Adoptan medidas por cierre de la auxiliar de la avenida Javier Prado"},"content":{"rendered":"<p><strong><span style=\"color: #000000;\">Cruz del Sur ha puesto en marcha una serie de acciones como consecuencia del cierre a partir del lunes del pase vehicular por la auxiliar a la avenida Javier Prado.<\/span><\/strong><\/p>\n<p><span style=\"color: #000000;\"><strong>Lima, 07 de Noviembre 2018, (ANDINA).-<\/strong> Transportes Cruz del Sur ha puesto en marcha una serie de acciones como consecuencia del cierre a partir del lunes del pase vehicular por la auxiliar a la avenida Javier Prado lugar donde se encuentra ubicado el terminal de la empresa de Transporte.<\/span><\/p>\n<p><span style=\"color: #000000;\">Durante el per\u00edodo del cierre, del lunes 5 de noviembre al lunes 26 de noviembre, todos los accesos al terminal de Cruz del Sur se realizar\u00e1n por la v\u00eda de Nicol\u00e1s Arriola.<\/span><\/p>\n<p><span style=\"color: #000000;\">\u201cLos pasajeros y clientes de carga\/encomienda que cuentan con veh\u00edculo particular podr\u00e1n ingresar al estacionamiento ubicado en la avenida Arriola (costado del terminal de Cruz del Sur, mostrando sus boletos de viaje o paquetes\/encomiendas para env\u00edo)\u201d, precis\u00f3 un comunicado emitido por la empresa.<\/span><\/p>\n<p><span style=\"color: #000000;\">Los taxis particulares, agreg\u00f3, no podr\u00e1n dejar o recoger los pasajeros dentro del terminal, por lo que tendr\u00e1n que hacerlo por la avenida Arriola.<\/span><\/p>\n<p><span style=\"color: #000000;\">Por esta raz\u00f3n, recomendaron a sus pasajeros y clientes en general tomar las precauciones del caso, invit\u00e1ndolos a llegar con una hora de anticipaci\u00f3n debido a la gran congesti\u00f3n vehicular que estos trabajos puedan generar\u201d, indic\u00f3 el comunicado de la empresa del Grupo Ib\u00e1rcena.<\/span><\/p>\n","protected":false},"excerpt":{"rendered":"<p>Cruz del Sur ha puesto en marcha una serie de acciones como consecuencia del cierre a partir del lunes del pase vehicular por la auxiliar a la avenida Javier Prado. Lima, 07 de Noviembre 2018, (ANDINA).- Transportes Cruz del Sur ha puesto en marcha una serie de acciones como consecuencia del cierre a partir del [&hellip;]<\/p>\n","protected":false},"author":1,"featured_media":36920,"comment_status":"open","ping_status":"open","sticky":false,"template":"","format":"standard","meta":{"rop_custom_images_group":[],"rop_custom_messages_group":[],"rop_publish_now":"initial","rop_publish_now_accounts":[],"rop_publish_now_history":[],"rop_publish_now_status":"pending","footnotes":""},"categories":[10],"tags":[3780,3779],"class_list":["post-36918","post","type-post","status-publish","format-standard","has-post-thumbnail","hentry","category-actualidad-municipal","tag-javier-prado","tag-transportes-cruz-del-sur"],"_links":{"self":[{"href":"https:\/\/elinformanteperu.com\/index.php\/wp-json\/wp\/v2\/posts\/36918","targetHints":{"allow":["GET"]}}],"collection":[{"href":"https:\/\/elinformanteperu.com\/index.php\/wp-json\/wp\/v2\/posts"}],"about":[{"href":"https:\/\/elinformanteperu.com\/index.php\/wp-json\/wp\/v2\/types\/post"}],"author":[{"embeddable":true,"href":"https:\/\/elinformanteperu.com\/index.php\/wp-json\/wp\/v2\/users\/1"}],"replies":[{"embeddable":true,"href":"https:\/\/elinformanteperu.com\/index.php\/wp-json\/wp\/v2\/comments?post=36918"}],"version-history":[{"count":1,"href":"https:\/\/elinformanteperu.com\/index.php\/wp-json\/wp\/v2\/posts\/36918\/revisions"}],"predecessor-version":[{"id":36921,"href":"https:\/\/elinformanteperu.com\/index.php\/wp-json\/wp\/v2\/posts\/36918\/revisions\/36921"}],"wp:featuredmedia":[{"embeddable":true,"href":"https:\/\/elinformanteperu.com\/index.php\/wp-json\/wp\/v2\/media\/36920"}],"wp:attachment":[{"href":"https:\/\/elinformanteperu.com\/index.php\/wp-json\/wp\/v2\/media?parent=36918"}],"wp:term":[{"taxonomy":"category","embeddable":true,"href":"https:\/\/elinformanteperu.com\/index.php\/wp-json\/wp\/v2\/categories?post=36918"},{"taxonomy":"post_tag","embeddable":true,"href":"https:\/\/elinformanteperu.com\/index.php\/wp-json\/wp\/v2\/tags?post=36918"}],"curies":[{"name":"wp","href":"https:\/\/api.w.org\/{rel}","templated":true}]}}