{"id":36869,"date":"2018-11-07T00:08:27","date_gmt":"2018-11-07T05:08:27","guid":{"rendered":"http:\/\/elinformanteperu.com\/?p=36869"},"modified":"2018-11-07T00:08:27","modified_gmt":"2018-11-07T05:08:27","slug":"alonso-segura-blindajes-en-lava-jato-afectan-desarrollo-e-institucionalidad","status":"publish","type":"post","link":"https:\/\/elinformanteperu.com\/index.php\/2018\/11\/07\/alonso-segura-blindajes-en-lava-jato-afectan-desarrollo-e-institucionalidad\/","title":{"rendered":"Alonso Segura: blindajes en Lava Jato afectan desarrollo e institucionalidad"},"content":{"rendered":"<p><strong><span style=\"color: #000000;\">El ex ministro de Econom\u00eda y finanzas, Alonso Segura, sostuvo que los \u00abblindajes\u00bb en la Comisi\u00f3n Lava Jato afectan la institucionalidad del pa\u00eds.<\/span><\/strong><\/p>\n<p><span style=\"color: #000000;\"><strong>Lima, 06 de Noviembre 2018, (ANDINA).<\/strong>&#8211; El ex ministro de Econom\u00eda y finanzas, Alonso Segura, sostuvo que los \u00abblindajes\u00bb en la Comisi\u00f3n Lava Jato afectan la institucionalidad del pa\u00eds y, por ende, dificultan el desarrollo y crecimiento del mismo.<\/span><\/p>\n<p><span style=\"color: #000000;\">\u201cEsta coyuntura refleja el tipo de maniobras que efect\u00faa el Congreso de la Rep\u00fablica para blindar a algunos y acusar a opositores, y bloquear investigaciones. Adem\u00e1s, es una muestra de una gran debilidad institucional del Per\u00fa\u201d, manifest\u00f3 a la Agencia Andina.<\/span><\/p>\n<p><span style=\"color: #000000;\">Agreg\u00f3 que existen evidencias mundiales e hist\u00f3ricas de que la falta de institucionalidad en un pa\u00eds, genera pocas posibilidades de desarrollo y crecimiento.<\/span><\/p>\n<p><span style=\"color: #000000;\">\u201cM\u00e1s all\u00e1 de los dilemas \u00e9ticos, morales y legales, es fundamental que ahora se investigue a fondo y se limpien los escenarios pol\u00edtico y judicial\u00bb, apunt\u00f3 el especialista.<\/span><\/p>\n<p><span style=\"color: #000000;\">Adem\u00e1s, afirm\u00f3 que tenemos que ser persistentes en ese esfuerzo, aunque en el camino se genere algo m\u00e1s de ruido y se afecte el crecimiento, pues ser\u00e1 una inversi\u00f3n a futuro para el pa\u00eds.<\/span><\/p>\n<p><span style=\"color: #000000;\">\u201cTienen que efectuarse investigaciones transparentes a todos para forjarnos como un pa\u00eds fortalecido\u201d, remarc\u00f3 Segura.<\/span><\/p>\n<p><strong><span style=\"color: #000000;\">Investigaci\u00f3n con intencionalidad<\/span><\/strong><\/p>\n<p><span style=\"color: #000000;\">Alonso Segura refiri\u00f3 que la Comisi\u00f3n Lava Jato es manejada por Fuerza Popular y el Apra para blindarse.<\/span><\/p>\n<p><span style=\"color: #000000;\">\u201cHe sido investigado en esa comisi\u00f3n y conozco la forma en que ha sido manipulada. Existe una clara intencionalidad de blindaje y de triturar al resto\u201d, a\u00f1adi\u00f3.<\/span><\/p>\n<p><span style=\"color: #000000;\">Asimismo, afirm\u00f3 que es clar\u00edsima la intenci\u00f3n de destruir investigaciones a Fuerza Popular y al expresidente Alan Garc\u00eda, as\u00ed como a algunos allegados, y por otro lado, triturar sin derecho a defensa a funcionarios de otros gobiernos.<\/span><\/p>\n<p><span style=\"color: #000000;\">\u201cNo todos los acusados han tenido su derecho a descargos, por lo tanto, es una comisi\u00f3n con poca credibilidad\u201d, se\u00f1al\u00f3 Segura.<\/span><\/p>\n<p><strong><span style=\"color: #000000;\">\u2018Jugando en posta\u2019<\/span><\/strong><\/p>\n<p><span style=\"color: #000000;\">En ese sentido, sostuvo que genera un problema real porque los resultados de la comisi\u00f3n van a ir a la Fiscal\u00eda de la Naci\u00f3n para que se formulen acusaciones penales.<\/span><\/p>\n<p><span style=\"color: #000000;\">Cabe resaltar que el pleno del Congreso debate el informe final de la Comisi\u00f3n Lava Jato, que investig\u00f3 los presuntos sobornos de las empresas brasile\u00f1as en sus contrataciones con el Estado, desde el inicio de sus actividades hasta la fecha.<\/span><\/p>\n<p><span style=\"color: #000000;\">\u201cEl agravante es que los resultados de la votaci\u00f3n se.entregan al Fiscal de la Naci\u00f3n, es decir se le entrega la posta a quien ya sabemos que han blindado para que \u00e9l formule las acusaciones correspondientes. Est\u00e1n jugando en posta\u201d, indic\u00f3 Segura.<\/span><\/p>\n<p><span style=\"color: #000000;\">\u201cCreo que existe un serio cuestionamiento sobre la credibilidad de este informe, pues tienen que desarrollarse investigaciones, pero deben ser transparentes y no de la manera en que se ha llevado a cabo en este grupo de trabajo\u201d, remarc\u00f3.<\/span><\/p>\n<p><strong><span style=\"color: #000000;\">Normas de excepci\u00f3n<\/span><\/strong><\/p>\n<p><span style=\"color: #000000;\">Por otro lado, el ex ministro de econom\u00eda consider\u00f3 que existe bastante evidencia para investigar a quienes han sido excluidos del proceso, como Alan Garc\u00eda o Keiko Fujimori.<\/span><\/p>\n<p><span style=\"color: #000000;\">Refiri\u00f3 que el modus operandi durante el gobierno de Garc\u00eda era generar normas de excepci\u00f3n parar desviar los controles del Estado.<\/span><\/p>\n<p><span style=\"color: #000000;\">\u201cDurante este gobierno se emitieron 400 decretos de urgencia y aunque no todos fueron para proyectos, uno podr\u00eda preguntarse si exist\u00eda una situaci\u00f3n imprevista de emergencia de naturaleza econ\u00f3mica o eran simplemente mecanismos para \u2018bypassear\u2019 los controles del Estado\u201d, agreg\u00f3 Segura.<\/span><\/p>\n<p><span style=\"color: #000000;\">Adem\u00e1s, manifest\u00f3, sobre las recientes declaraciones del expresidente Alan Garc\u00eda en la que refiere que se ha politizado la justicia y esto podr\u00eda constituir un Golpe de Estado, que son \u201cmanotazos de ahogado, pues algunos quieren evitar que se les investigue\u00bb.<\/span><\/p>\n<p><span style=\"color: #000000;\">\u201cEse tipo de declaraciones son cortinas de humo e intentos de desestabilizaci\u00f3n, sin embargo, creo que la justicia debe seguir investigando a todos\u201d, agreg\u00f3.<\/span><\/p>\n","protected":false},"excerpt":{"rendered":"<p>El ex ministro de Econom\u00eda y finanzas, Alonso Segura, sostuvo que los \u00abblindajes\u00bb en la Comisi\u00f3n Lava Jato afectan la institucionalidad del pa\u00eds. Lima, 06 de Noviembre 2018, (ANDINA).&#8211; El ex ministro de Econom\u00eda y finanzas, Alonso Segura, sostuvo que los \u00abblindajes\u00bb en la Comisi\u00f3n Lava Jato afectan la institucionalidad del pa\u00eds y, por ende, [&hellip;]<\/p>\n","protected":false},"author":1,"featured_media":36871,"comment_status":"open","ping_status":"open","sticky":false,"template":"","format":"standard","meta":{"rop_custom_images_group":[],"rop_custom_messages_group":[],"rop_publish_now":"initial","rop_publish_now_accounts":[],"rop_publish_now_history":[],"rop_publish_now_status":"pending","footnotes":""},"categories":[5],"tags":[3049,656],"class_list":["post-36869","post","type-post","status-publish","format-standard","has-post-thumbnail","hentry","category-actualidad-informativa","tag-alonso-segura","tag-lava-jato"],"_links":{"self":[{"href":"https:\/\/elinformanteperu.com\/index.php\/wp-json\/wp\/v2\/posts\/36869","targetHints":{"allow":["GET"]}}],"collection":[{"href":"https:\/\/elinformanteperu.com\/index.php\/wp-json\/wp\/v2\/posts"}],"about":[{"href":"https:\/\/elinformanteperu.com\/index.php\/wp-json\/wp\/v2\/types\/post"}],"author":[{"embeddable":true,"href":"https:\/\/elinformanteperu.com\/index.php\/wp-json\/wp\/v2\/users\/1"}],"replies":[{"embeddable":true,"href":"https:\/\/elinformanteperu.com\/index.php\/wp-json\/wp\/v2\/comments?post=36869"}],"version-history":[{"count":1,"href":"https:\/\/elinformanteperu.com\/index.php\/wp-json\/wp\/v2\/posts\/36869\/revisions"}],"predecessor-version":[{"id":36872,"href":"https:\/\/elinformanteperu.com\/index.php\/wp-json\/wp\/v2\/posts\/36869\/revisions\/36872"}],"wp:featuredmedia":[{"embeddable":true,"href":"https:\/\/elinformanteperu.com\/index.php\/wp-json\/wp\/v2\/media\/36871"}],"wp:attachment":[{"href":"https:\/\/elinformanteperu.com\/index.php\/wp-json\/wp\/v2\/media?parent=36869"}],"wp:term":[{"taxonomy":"category","embeddable":true,"href":"https:\/\/elinformanteperu.com\/index.php\/wp-json\/wp\/v2\/categories?post=36869"},{"taxonomy":"post_tag","embeddable":true,"href":"https:\/\/elinformanteperu.com\/index.php\/wp-json\/wp\/v2\/tags?post=36869"}],"curies":[{"name":"wp","href":"https:\/\/api.w.org\/{rel}","templated":true}]}}