{"id":36703,"date":"2018-11-05T20:32:31","date_gmt":"2018-11-06T01:32:31","guid":{"rendered":"http:\/\/elinformanteperu.com\/?p=36703"},"modified":"2018-11-05T20:32:31","modified_gmt":"2018-11-06T01:32:31","slug":"desde-mayo-estaran-prohibidas-bolsas-de-un-solo-uso-en-el-ejecutivo","status":"publish","type":"post","link":"https:\/\/elinformanteperu.com\/index.php\/2018\/11\/05\/desde-mayo-estaran-prohibidas-bolsas-de-un-solo-uso-en-el-ejecutivo\/","title":{"rendered":"Desde mayo estar\u00e1n prohibidas bolsas de un solo uso en el Ejecutivo"},"content":{"rendered":"<p><strong><span style=\"color: #000000;\">El uso de bolsas de pl\u00e1stico de un solo uso estar\u00e1 prohibido en las entidades del Poder Ejecutivo a partir de mayo del 2019.<\/span><\/strong><\/p>\n<p><span style=\"color: #000000;\"><strong>Lima, 05 de Noviembre 2018, (ANDINA).-<\/strong> El uso de bolsas de pl\u00e1stico de un solo uso, sorbetes pl\u00e1sticos y envases de tecnopor para bebidas y alimentos de consumo humano estar\u00e1 prohibido en las entidades del Poder Ejecutivo a partir de mayo del 2019.<\/span><\/p>\n<p><span style=\"color: #000000;\">As\u00ed lo dispone el Decreto Supremo 013-2018 MINAM publicado hoy en el diario El Peruano, el cual aprueba la reducci\u00f3n del pl\u00e1stico de un solo uso y promueve el consumo responsable del pl\u00e1stico en las entidades del Poder Ejecutivo.<\/span><\/p>\n<p><span style=\"color: #000000;\">La norma fija tambi\u00e9n su prohibici\u00f3n, en un plazo no mayor de 30 d\u00edas h\u00e1biles, en \u00c1reas Naturales Protegidas; \u00c1reas declaradas como Patrimonio Cultural; \u00c1reas declaradas como Patrimonio Natural de la Humanidad y Museos administrados por entidades del Poder Ejecutivo.<\/span><\/p>\n<p><span style=\"color: #000000;\">El mismo decreto indica que las entidades del Poder Ejecutivo tendr\u00e1n prohibido -tambi\u00e9n en un plazo de 180 d\u00edas- el uso de bolsas o envoltorios pl\u00e1sticos para la entrega de informaci\u00f3n impresa a la ciudadan\u00eda en general.<\/span><\/p>\n<p><span style=\"color: #000000;\">La prohibici\u00f3n de pl\u00e1stico de un solo uso tendr\u00e1 las siguientes excepciones:<\/span><\/p>\n<p><span style=\"color: #000000;\">&#8211; Cuando se usen en contacto directo con productos que contienen, por razones de asepsia o inocuidad, alimentos a granel, alimentos de origen animal, as\u00ed como alimentos o insumos h\u00famedos elaborados o preelaborados.<\/span><br \/>\n<span style=\"color: #000000;\">&#8211; Cuando su utilizaci\u00f3n sea necesaria por razones de higiene o salud, de conformidad con las normas sanitarias.<\/span><br \/>\n<span style=\"color: #000000;\">&#8211; Cuando sean utilizados por necesidad m\u00e9dica en los establecimientos que brindan servicios m\u00e9dicos, como es el caso de los sorbetes para para ni\u00f1as, ni\u00f1os, personas con incapacidad temporal, personas con discapacidad y personas adultas mayores.<\/span><\/p>\n<p><span style=\"color: #000000;\">La implementaci\u00f3n de la norma se financia con cargo al presupuesto institucional de las entidades involucradas, sin demandar recursos adicionales al Tesoro P\u00fablico.<\/span><\/p>\n<p><span style=\"color: #000000;\">Para que un producto sea designado como org\u00e1nicamente recuperable cada envase o embalaje debe ser biodegradable de forma inherente y \u00faltima como se demuestra en los ensayos de laboratorio.<\/span><\/p>\n<p><span style=\"color: #000000;\">D\u00edas atr\u00e1s, la ministra del Ambiente, Fabiola Mu\u00f1oz, destac\u00f3 el avance que representa la aprobaci\u00f3n de esta norma \u00abporque somos absolutamente conscientes de la importancia de trabajar por ser un pa\u00eds donde el tema ambiental est\u00e9 presente en todas nuestras decisiones\u00bb.<\/span><\/p>\n","protected":false},"excerpt":{"rendered":"<p>El uso de bolsas de pl\u00e1stico de un solo uso estar\u00e1 prohibido en las entidades del Poder Ejecutivo a partir de mayo del 2019. Lima, 05 de Noviembre 2018, (ANDINA).- El uso de bolsas de pl\u00e1stico de un solo uso, sorbetes pl\u00e1sticos y envases de tecnopor para bebidas y alimentos de consumo humano estar\u00e1 prohibido [&hellip;]<\/p>\n","protected":false},"author":1,"featured_media":36705,"comment_status":"open","ping_status":"open","sticky":false,"template":"","format":"standard","meta":{"rop_custom_images_group":[],"rop_custom_messages_group":[],"rop_publish_now":"initial","rop_publish_now_accounts":[],"rop_publish_now_history":[],"rop_publish_now_status":"pending","footnotes":""},"categories":[10],"tags":[368,367,1421],"class_list":["post-36703","post","type-post","status-publish","format-standard","has-post-thumbnail","hentry","category-actualidad-municipal","tag-minam","tag-ministerio-del-ambiente","tag-poder-ejecutivo"],"_links":{"self":[{"href":"https:\/\/elinformanteperu.com\/index.php\/wp-json\/wp\/v2\/posts\/36703","targetHints":{"allow":["GET"]}}],"collection":[{"href":"https:\/\/elinformanteperu.com\/index.php\/wp-json\/wp\/v2\/posts"}],"about":[{"href":"https:\/\/elinformanteperu.com\/index.php\/wp-json\/wp\/v2\/types\/post"}],"author":[{"embeddable":true,"href":"https:\/\/elinformanteperu.com\/index.php\/wp-json\/wp\/v2\/users\/1"}],"replies":[{"embeddable":true,"href":"https:\/\/elinformanteperu.com\/index.php\/wp-json\/wp\/v2\/comments?post=36703"}],"version-history":[{"count":1,"href":"https:\/\/elinformanteperu.com\/index.php\/wp-json\/wp\/v2\/posts\/36703\/revisions"}],"predecessor-version":[{"id":36706,"href":"https:\/\/elinformanteperu.com\/index.php\/wp-json\/wp\/v2\/posts\/36703\/revisions\/36706"}],"wp:featuredmedia":[{"embeddable":true,"href":"https:\/\/elinformanteperu.com\/index.php\/wp-json\/wp\/v2\/media\/36705"}],"wp:attachment":[{"href":"https:\/\/elinformanteperu.com\/index.php\/wp-json\/wp\/v2\/media?parent=36703"}],"wp:term":[{"taxonomy":"category","embeddable":true,"href":"https:\/\/elinformanteperu.com\/index.php\/wp-json\/wp\/v2\/categories?post=36703"},{"taxonomy":"post_tag","embeddable":true,"href":"https:\/\/elinformanteperu.com\/index.php\/wp-json\/wp\/v2\/tags?post=36703"}],"curies":[{"name":"wp","href":"https:\/\/api.w.org\/{rel}","templated":true}]}}