{"id":36532,"date":"2018-11-03T14:06:55","date_gmt":"2018-11-03T19:06:55","guid":{"rendered":"http:\/\/elinformanteperu.com\/?p=36532"},"modified":"2018-11-03T14:06:55","modified_gmt":"2018-11-03T19:06:55","slug":"apra-votara-con-la-verdad-en-denuncias-contra-chavarry","status":"publish","type":"post","link":"https:\/\/elinformanteperu.com\/index.php\/2018\/11\/03\/apra-votara-con-la-verdad-en-denuncias-contra-chavarry\/","title":{"rendered":"Apra votar\u00e1 \u00abcon la verdad\u00bb en denuncias contra Ch\u00e1varry"},"content":{"rendered":"<p><strong><span style=\"color: #000000;\">El secretario general del Apra, El\u00edas Rodr\u00edguez, manifest\u00f3 que la bancada de su partido votar\u00e1 \u00abcon la fuerza de la verdad\u00bb respecto al fiscal de la Naci\u00f3n, Pedro Ch\u00e1varry.<\/span><\/strong><\/p>\n<p><span style=\"color: #000000;\"><strong>Lima, 02 de Noviembre 2018, (ANDINA).-<\/strong> El secretario general del Apra, El\u00edas Rodr\u00edguez, manifest\u00f3 que la bancada de su partido votar\u00e1 \u00abcon la fuerza de la verdad\u00bb respecto a las acusaciones constitucionales presentadas contra el fiscal de la Naci\u00f3n, Pedro Ch\u00e1varry, y luego de revisar las pruebas que se presenten.<\/span><\/p>\n<p><span style=\"color: #000000;\">Indic\u00f3 que, como grupo partidario, \u00abno est\u00e1n blindando al titular del Ministerio P\u00fablico\u00bb, incluso, sostuvo que \u00abno lo conoce\u00bb.<\/span><\/p>\n<p><span style=\"color: #000000;\">\u00abEn el caso de Pedro Ch\u00e1varry aseguro que votaremos con la fuerza de la verdad, luego de ver las pruebas y con la aplicaci\u00f3n de la ley y la Constituci\u00f3n\u00bb, manifest\u00f3 en declaraciones a RPP.<\/span><\/p>\n<p><span style=\"color: #000000;\">En ese sentido, precis\u00f3 que es necesario tomar una decisi\u00f3n conforme a un an\u00e1lisis real del caso y sobre los hechos verdaderos.<\/span><\/p>\n<p><span style=\"color: #000000;\">Sobre la mala percepci\u00f3n en la poblaci\u00f3n hacia el partido Aprista ante un posible blindaje a favor del titular del Ministerio P\u00fablico, descart\u00f3 que ello ocurra pues \u00abno es algo definitivo\u00bb.<\/span><\/p>\n<p><span style=\"color: #000000;\">\u00abEn la pol\u00edtica ocurren reveses, recuerdo que terminamos un gobierno dif\u00edcil hace muchos a\u00f1os y volvimos a gobernar la patria despu\u00e9s con mucho mayor \u00e9xito\u00bb, asegur\u00f3.<\/span><\/p>\n","protected":false},"excerpt":{"rendered":"<p>El secretario general del Apra, El\u00edas Rodr\u00edguez, manifest\u00f3 que la bancada de su partido votar\u00e1 \u00abcon la fuerza de la verdad\u00bb respecto al fiscal de la Naci\u00f3n, Pedro Ch\u00e1varry. Lima, 02 de Noviembre 2018, (ANDINA).- El secretario general del Apra, El\u00edas Rodr\u00edguez, manifest\u00f3 que la bancada de su partido votar\u00e1 \u00abcon la fuerza de la [&hellip;]<\/p>\n","protected":false},"author":1,"featured_media":36534,"comment_status":"open","ping_status":"open","sticky":false,"template":"","format":"standard","meta":{"rop_custom_images_group":[],"rop_custom_messages_group":[],"rop_publish_now":"initial","rop_publish_now_accounts":[],"rop_publish_now_history":[],"rop_publish_now_status":"pending","footnotes":""},"categories":[5],"tags":[555,192,3069,3209],"class_list":["post-36532","post","type-post","status-publish","format-standard","has-post-thumbnail","hentry","category-actualidad-informativa","tag-apra","tag-congreso","tag-elias-rodriguez","tag-pedro-chavarry"],"_links":{"self":[{"href":"https:\/\/elinformanteperu.com\/index.php\/wp-json\/wp\/v2\/posts\/36532","targetHints":{"allow":["GET"]}}],"collection":[{"href":"https:\/\/elinformanteperu.com\/index.php\/wp-json\/wp\/v2\/posts"}],"about":[{"href":"https:\/\/elinformanteperu.com\/index.php\/wp-json\/wp\/v2\/types\/post"}],"author":[{"embeddable":true,"href":"https:\/\/elinformanteperu.com\/index.php\/wp-json\/wp\/v2\/users\/1"}],"replies":[{"embeddable":true,"href":"https:\/\/elinformanteperu.com\/index.php\/wp-json\/wp\/v2\/comments?post=36532"}],"version-history":[{"count":1,"href":"https:\/\/elinformanteperu.com\/index.php\/wp-json\/wp\/v2\/posts\/36532\/revisions"}],"predecessor-version":[{"id":36535,"href":"https:\/\/elinformanteperu.com\/index.php\/wp-json\/wp\/v2\/posts\/36532\/revisions\/36535"}],"wp:featuredmedia":[{"embeddable":true,"href":"https:\/\/elinformanteperu.com\/index.php\/wp-json\/wp\/v2\/media\/36534"}],"wp:attachment":[{"href":"https:\/\/elinformanteperu.com\/index.php\/wp-json\/wp\/v2\/media?parent=36532"}],"wp:term":[{"taxonomy":"category","embeddable":true,"href":"https:\/\/elinformanteperu.com\/index.php\/wp-json\/wp\/v2\/categories?post=36532"},{"taxonomy":"post_tag","embeddable":true,"href":"https:\/\/elinformanteperu.com\/index.php\/wp-json\/wp\/v2\/tags?post=36532"}],"curies":[{"name":"wp","href":"https:\/\/api.w.org\/{rel}","templated":true}]}}