{"id":36528,"date":"2018-11-03T14:03:55","date_gmt":"2018-11-03T19:03:55","guid":{"rendered":"http:\/\/elinformanteperu.com\/?p=36528"},"modified":"2018-11-03T14:03:55","modified_gmt":"2018-11-03T19:03:55","slug":"beteta-reitera-que-fuerza-popular-no-blinda-a-pedro-chavarry","status":"publish","type":"post","link":"https:\/\/elinformanteperu.com\/index.php\/2018\/11\/03\/beteta-reitera-que-fuerza-popular-no-blinda-a-pedro-chavarry\/","title":{"rendered":"Beteta reitera que Fuerza Popular no blinda a Pedro Ch\u00e1varry"},"content":{"rendered":"<p><strong><span style=\"color: #000000;\">La congresista de Fuerza Popular (FP), Karina Beteta, asegur\u00f3 que su agrupaci\u00f3n no est\u00e1 blindando al fiscal de la Naci\u00f3n, Pedro Ch\u00e1varry, o a otras personas.<\/span><\/strong><\/p>\n<p><span style=\"color: #000000;\"><strong>Lima, 02 de Noviembre 2018, (ANDINA).-<\/strong> La congresista de Fuerza Popular (FP), Karina Beteta, asegur\u00f3 que su agrupaci\u00f3n no est\u00e1 blindando al fiscal de la Naci\u00f3n, Pedro Ch\u00e1varry, o a otras personas e inst\u00f3 a evitar usar calificativos como estos por considerar que \u00abno ayudan a la democracia\u00bb.<\/span><\/p>\n<p><span style=\"color: #000000;\">En ese sentido, explic\u00f3 que la Subcomisi\u00f3n de Acusaciones Constitucionales \u00abver\u00e1 en su momento\u00bb el caso de los pedidos sobre la situaci\u00f3n del titular del Ministerio P\u00fablico.<\/span><\/p>\n<p><span style=\"color: #000000;\">\u00abTengo la citaci\u00f3n para el lunes (en la Subcomisi\u00f3n de Acusaciones Constitucionales), pero evitemos calificativos que no nos ayuda en una democracia, no hay blindaje ac\u00e1, lo \u00fanico que vemos es persecuci\u00f3n pol\u00edtica a la se\u00f1ora Keiko Fujimori\u00bb, manifest\u00f3 a la prensa.<\/span><\/p>\n<p><span style=\"color: #000000;\">Asimismo, insisti\u00f3 en que el fiscal Jos\u00e9 Domingo P\u00e9rez bas\u00f3 la detenci\u00f3n preventiva de 36 meses contra la lideresa de Fuerza Popular, \u00abporque salvamos a (Pedro) Ch\u00e1varry\u00bb.<\/span><\/p>\n<p><span style=\"color: #000000;\">\u00abNosotros no nos dejamos llevar por chantajes, la Subcomision (de Acusaciones Constitucionales) va a tener que sesionar como corresponde\u00bb, agreg\u00f3.<\/span><\/p>\n<p><span style=\"color: #000000;\">Seg\u00fan estaba programado, el subgrupo de trabajo deb\u00eda reunirse el pr\u00f3ximo lunes 5 de noviembre, aunque el titular de la referida subcomisi\u00f3n, C\u00e9sar Segura, suspendi\u00f3 la sesi\u00f3n debido a que el mismo d\u00eda se desarrollar\u00e1 el pleno del Congreso.<\/span><\/p>\n","protected":false},"excerpt":{"rendered":"<p>La congresista de Fuerza Popular (FP), Karina Beteta, asegur\u00f3 que su agrupaci\u00f3n no est\u00e1 blindando al fiscal de la Naci\u00f3n, Pedro Ch\u00e1varry, o a otras personas. Lima, 02 de Noviembre 2018, (ANDINA).- La congresista de Fuerza Popular (FP), Karina Beteta, asegur\u00f3 que su agrupaci\u00f3n no est\u00e1 blindando al fiscal de la Naci\u00f3n, Pedro Ch\u00e1varry, o [&hellip;]<\/p>\n","protected":false},"author":1,"featured_media":36530,"comment_status":"open","ping_status":"open","sticky":false,"template":"","format":"standard","meta":{"rop_custom_images_group":[],"rop_custom_messages_group":[],"rop_publish_now":"initial","rop_publish_now_accounts":[],"rop_publish_now_history":[],"rop_publish_now_status":"pending","footnotes":""},"categories":[5],"tags":[295,2458,3209],"class_list":["post-36528","post","type-post","status-publish","format-standard","has-post-thumbnail","hentry","category-actualidad-informativa","tag-fuerza-popular","tag-karina-beteta","tag-pedro-chavarry"],"_links":{"self":[{"href":"https:\/\/elinformanteperu.com\/index.php\/wp-json\/wp\/v2\/posts\/36528","targetHints":{"allow":["GET"]}}],"collection":[{"href":"https:\/\/elinformanteperu.com\/index.php\/wp-json\/wp\/v2\/posts"}],"about":[{"href":"https:\/\/elinformanteperu.com\/index.php\/wp-json\/wp\/v2\/types\/post"}],"author":[{"embeddable":true,"href":"https:\/\/elinformanteperu.com\/index.php\/wp-json\/wp\/v2\/users\/1"}],"replies":[{"embeddable":true,"href":"https:\/\/elinformanteperu.com\/index.php\/wp-json\/wp\/v2\/comments?post=36528"}],"version-history":[{"count":1,"href":"https:\/\/elinformanteperu.com\/index.php\/wp-json\/wp\/v2\/posts\/36528\/revisions"}],"predecessor-version":[{"id":36531,"href":"https:\/\/elinformanteperu.com\/index.php\/wp-json\/wp\/v2\/posts\/36528\/revisions\/36531"}],"wp:featuredmedia":[{"embeddable":true,"href":"https:\/\/elinformanteperu.com\/index.php\/wp-json\/wp\/v2\/media\/36530"}],"wp:attachment":[{"href":"https:\/\/elinformanteperu.com\/index.php\/wp-json\/wp\/v2\/media?parent=36528"}],"wp:term":[{"taxonomy":"category","embeddable":true,"href":"https:\/\/elinformanteperu.com\/index.php\/wp-json\/wp\/v2\/categories?post=36528"},{"taxonomy":"post_tag","embeddable":true,"href":"https:\/\/elinformanteperu.com\/index.php\/wp-json\/wp\/v2\/tags?post=36528"}],"curies":[{"name":"wp","href":"https:\/\/api.w.org\/{rel}","templated":true}]}}