{"id":36523,"date":"2018-11-03T14:01:22","date_gmt":"2018-11-03T19:01:22","guid":{"rendered":"http:\/\/elinformanteperu.com\/?p=36523"},"modified":"2018-11-03T14:01:22","modified_gmt":"2018-11-03T19:01:22","slug":"alberto-fujimori-envia-mensaje-de-apoyo-a-su-hija-keiko","status":"publish","type":"post","link":"https:\/\/elinformanteperu.com\/index.php\/2018\/11\/03\/alberto-fujimori-envia-mensaje-de-apoyo-a-su-hija-keiko\/","title":{"rendered":"Alberto Fujimori env\u00eda mensaje de apoyo a su hija Keiko"},"content":{"rendered":"<p><strong><span style=\"color: #000000;\">El expresidente Alberto Fujimori envi\u00f3 un mensaje de apoyo a su hija Keiko, quien cumple prisi\u00f3n preventiva por 36 meses desde el \u00faltimo mi\u00e9rcoles.<\/span><\/strong><\/p>\n<p><span style=\"color: #000000;\"><strong>Lima, 02 de Noviembre 2018, (ANDINA).-<\/strong> El expresidente Alberto Fujimori envi\u00f3 un mensaje de apoyo a su hija Keiko, quien cumple prisi\u00f3n preventiva por 36 meses desde el \u00faltimo mi\u00e9rcoles, dictada por el juez Richard Concepci\u00f3n Carhuancho.<\/span><\/p>\n<p><span style=\"color: #000000;\">Mediante su cuenta en Twitter, indic\u00f3 que lamenta haber \u00abmetido en el mundo de la pol\u00edtica\u00bb a su hija y le pidi\u00f3 perd\u00f3n por ello.<\/span><\/p>\n<p><span style=\"color: #000000;\">\u00abSolo espero tener las fuerzas y la vida para verte -como en ese d\u00eda- libre al lado de mis nietecitas\u00bb, escribi\u00f3 junto a una fotograf\u00eda junto a su hija, su yerno Mark Vito y sus nietas.<\/span><\/p>\n<p><span style=\"color: #000000;\">El mensaje fue enviado desde la cl\u00ednica adonde ingres\u00f3 luego de que se anulara el indulto que recibi\u00f3 el 24 de diciembre de 2017.<\/span><\/p>\n<p><span style=\"color: #000000;\">Esta ma\u00f1ana Fujimori Higuchi recibi\u00f3 visitas de congresistas de su bancada, tras pasar su primera noche en el penal Anexo de Mujeres de Chorrillos, en cumplimiento de la prisi\u00f3n preventiva.<\/span><\/p>\n<p><span style=\"color: #000000;\">Desde muy temprano, ingresaron al centro penitenciario las legisladoras de Fuerza Popular, Luz Salgado, Alejandra Aramayo y \u00darsula Letona.<\/span><\/p>\n<p><img fetchpriority=\"high\" decoding=\"async\" class=\"aligncenter size-full wp-image-36526\" src=\"http:\/\/elinformanteperu.com\/wp-content\/uploads\/2018\/11\/Tweet-alberto-keiko.jpg\" alt=\"\" width=\"523\" height=\"223\" srcset=\"https:\/\/elinformanteperu.com\/wp-content\/uploads\/2018\/11\/Tweet-alberto-keiko.jpg 523w, https:\/\/elinformanteperu.com\/wp-content\/uploads\/2018\/11\/Tweet-alberto-keiko-300x128.jpg 300w, https:\/\/elinformanteperu.com\/wp-content\/uploads\/2018\/11\/Tweet-alberto-keiko-128x55.jpg 128w, https:\/\/elinformanteperu.com\/wp-content\/uploads\/2018\/11\/Tweet-alberto-keiko-32x14.jpg 32w\" sizes=\"(max-width: 523px) 100vw, 523px\" \/><\/p>\n","protected":false},"excerpt":{"rendered":"<p>El expresidente Alberto Fujimori envi\u00f3 un mensaje de apoyo a su hija Keiko, quien cumple prisi\u00f3n preventiva por 36 meses desde el \u00faltimo mi\u00e9rcoles. Lima, 02 de Noviembre 2018, (ANDINA).- El expresidente Alberto Fujimori envi\u00f3 un mensaje de apoyo a su hija Keiko, quien cumple prisi\u00f3n preventiva por 36 meses desde el \u00faltimo mi\u00e9rcoles, dictada [&hellip;]<\/p>\n","protected":false},"author":1,"featured_media":36525,"comment_status":"open","ping_status":"open","sticky":false,"template":"","format":"standard","meta":{"rop_custom_images_group":[],"rop_custom_messages_group":[],"rop_publish_now":"initial","rop_publish_now_accounts":[],"rop_publish_now_history":[],"rop_publish_now_status":"pending","footnotes":""},"categories":[5],"tags":[343,557],"class_list":["post-36523","post","type-post","status-publish","format-standard","has-post-thumbnail","hentry","category-actualidad-informativa","tag-alberto-fujimori","tag-keiko-fujimori"],"_links":{"self":[{"href":"https:\/\/elinformanteperu.com\/index.php\/wp-json\/wp\/v2\/posts\/36523","targetHints":{"allow":["GET"]}}],"collection":[{"href":"https:\/\/elinformanteperu.com\/index.php\/wp-json\/wp\/v2\/posts"}],"about":[{"href":"https:\/\/elinformanteperu.com\/index.php\/wp-json\/wp\/v2\/types\/post"}],"author":[{"embeddable":true,"href":"https:\/\/elinformanteperu.com\/index.php\/wp-json\/wp\/v2\/users\/1"}],"replies":[{"embeddable":true,"href":"https:\/\/elinformanteperu.com\/index.php\/wp-json\/wp\/v2\/comments?post=36523"}],"version-history":[{"count":1,"href":"https:\/\/elinformanteperu.com\/index.php\/wp-json\/wp\/v2\/posts\/36523\/revisions"}],"predecessor-version":[{"id":36527,"href":"https:\/\/elinformanteperu.com\/index.php\/wp-json\/wp\/v2\/posts\/36523\/revisions\/36527"}],"wp:featuredmedia":[{"embeddable":true,"href":"https:\/\/elinformanteperu.com\/index.php\/wp-json\/wp\/v2\/media\/36525"}],"wp:attachment":[{"href":"https:\/\/elinformanteperu.com\/index.php\/wp-json\/wp\/v2\/media?parent=36523"}],"wp:term":[{"taxonomy":"category","embeddable":true,"href":"https:\/\/elinformanteperu.com\/index.php\/wp-json\/wp\/v2\/categories?post=36523"},{"taxonomy":"post_tag","embeddable":true,"href":"https:\/\/elinformanteperu.com\/index.php\/wp-json\/wp\/v2\/tags?post=36523"}],"curies":[{"name":"wp","href":"https:\/\/api.w.org\/{rel}","templated":true}]}}