{"id":35717,"date":"2018-10-25T21:47:19","date_gmt":"2018-10-26T02:47:19","guid":{"rendered":"http:\/\/elinformanteperu.com\/?p=35717"},"modified":"2018-10-25T21:47:19","modified_gmt":"2018-10-26T02:47:19","slug":"centro-historico-del-rimac-sera-recuperado-para-promover-el-turismo","status":"publish","type":"post","link":"https:\/\/elinformanteperu.com\/index.php\/2018\/10\/25\/centro-historico-del-rimac-sera-recuperado-para-promover-el-turismo\/","title":{"rendered":"Centro Hist\u00f3rico del R\u00edmac ser\u00e1 recuperado para promover el turismo"},"content":{"rendered":"<p><strong><span style=\"color: #000000;\">Un plan integral de renovaci\u00f3n urbana en el Centro Hist\u00f3rico del R\u00edmac, anunci\u00f3 el alcalde electo del distrito, Pedro Rosario Tueros.<\/span><\/strong><\/p>\n<p><span style=\"color: #000000;\"><strong>Lima, 25 de Octubre 2018, (ANDINA).-<\/strong> Un plan integral de renovaci\u00f3n urbana en el Centro Hist\u00f3rico del R\u00edmac para promover el turismo, el comercio formal y la seguridad ciudadana, anunci\u00f3 el alcalde electo del distrito, Pedro Rosario Tueros.<\/span><\/p>\n<p><span style=\"color: #000000;\">El futuro burgomaestre inform\u00f3 a la Agencia Andina que su gesti\u00f3n buscar\u00e1 poner en valor el patrimonio arquitect\u00f3nico, desde quintas y solares, la Alameda de los Descalzos, la Quinta Presa, entre otros lugares de gran valor hist\u00f3rico.<\/span><\/p>\n<p><span style=\"color: #000000;\">Durante su gesti\u00f3n remodelar\u00e1 206 predios para convertirlos en viviendas, mejorar\u00e1 las pistas y veredas que rodean las casonas y plazas antiguas, la iluminaci\u00f3n, adem\u00e1s se instalar\u00e1 en esas zonas el servicio de wi fi, y lo mismo har\u00e1 en los alrededores del Cerro San Crist\u00f3bal.<\/span><\/p>\n<p><strong><span style=\"color: #000000;\">Municipalidad del Rimac<\/span><\/strong><\/p>\n<p><span style=\"color: #000000;\">\u201cQueremos que el R\u00edmac deje de ser visto como un distrito viejo, sucio e inseguro. Por eso nuestro inter\u00e9s de modernizar los lugares considerados Patrimonio de la Humanidad. Anteriores gestiones ediles no se preocuparon por recuperarlos y ponerlos en valor\u201d, coment\u00f3.<\/span><\/p>\n<p><span style=\"color: #000000;\">Rosario Tueros es vecino del popular distrito desde hace 38 a\u00f1os, vive en la urbanizaci\u00f3n Totorita y sabe de la importancia que tiene incentivar en los comerciantes la formalidad para que sus negocios contribuyan al desarrollo del turismo.<\/span><\/p>\n<p><span style=\"color: #000000;\">Durante sus 100 primeros d\u00edas de gesti\u00f3n, conformar\u00e1 la Mesa T\u00e9cnica de Comerciantes, donde se resolver\u00e1n los problemas que tiene ese sector en el distrito como la informalidad y el horario de atenci\u00f3n que hoy es hasta las 11 de la noche.<\/span><\/p>\n<p><strong><span style=\"color: #000000;\">Honestidad y transparencia<\/span><\/strong><\/p>\n<p><span style=\"color: #000000;\">La lucha frontal contra la corrupci\u00f3n ser\u00e1 otro eje de su trabajo en la comuna rimense. Su compromiso se visibilizar\u00e1 con la presencia de la Contralor\u00eda General de la Rep\u00fablica a quien le solicitar\u00e1 una evaluaci\u00f3n del sistema administrativo.<\/span><\/p>\n<p><span style=\"color: #000000;\">\u201cNo puede ser que en los \u00faltimos 10 a\u00f1os, los alcaldes hayan invertido el presupuesto en gastos corrientes, un 60% aproximadamente, y no en obras p\u00fablicas. Seremos transparentes en la gesti\u00f3n y necesitaremos la participaci\u00f3n de los vecinos para lograrlo\u201d, se\u00f1al\u00f3.<\/span><\/p>\n<p><span style=\"color: #000000;\">Anunci\u00f3 tambi\u00e9n que abrir\u00e1 la oficina de lucha contra la corrupci\u00f3n, la que recibir\u00e1 las denuncias de la poblaci\u00f3n sobre funcionarios que no est\u00e9n al servicio de la ciudadan\u00eda y sobre posibles actos de corrupci\u00f3n.<\/span><\/p>\n<p><span style=\"color: #000000;\">\u00abQuiero devolverle a los vecinos del R\u00edmac la confianza en sus autoridades\u00bb, remarc\u00f3 la nueva autoridad edil del distrito bajopontino.<\/span><\/p>\n","protected":false},"excerpt":{"rendered":"<p>Un plan integral de renovaci\u00f3n urbana en el Centro Hist\u00f3rico del R\u00edmac, anunci\u00f3 el alcalde electo del distrito, Pedro Rosario Tueros. Lima, 25 de Octubre 2018, (ANDINA).- Un plan integral de renovaci\u00f3n urbana en el Centro Hist\u00f3rico del R\u00edmac para promover el turismo, el comercio formal y la seguridad ciudadana, anunci\u00f3 el alcalde electo del [&hellip;]<\/p>\n","protected":false},"author":1,"featured_media":35719,"comment_status":"open","ping_status":"open","sticky":false,"template":"","format":"standard","meta":{"rop_custom_images_group":[],"rop_custom_messages_group":[],"rop_publish_now":"initial","rop_publish_now_accounts":[],"rop_publish_now_history":[],"rop_publish_now_status":"pending","footnotes":""},"categories":[10],"tags":[1118,3719],"class_list":["post-35717","post","type-post","status-publish","format-standard","has-post-thumbnail","hentry","category-actualidad-municipal","tag-municipalidad-del-rimac","tag-pedro-rosario-tueros"],"_links":{"self":[{"href":"https:\/\/elinformanteperu.com\/index.php\/wp-json\/wp\/v2\/posts\/35717","targetHints":{"allow":["GET"]}}],"collection":[{"href":"https:\/\/elinformanteperu.com\/index.php\/wp-json\/wp\/v2\/posts"}],"about":[{"href":"https:\/\/elinformanteperu.com\/index.php\/wp-json\/wp\/v2\/types\/post"}],"author":[{"embeddable":true,"href":"https:\/\/elinformanteperu.com\/index.php\/wp-json\/wp\/v2\/users\/1"}],"replies":[{"embeddable":true,"href":"https:\/\/elinformanteperu.com\/index.php\/wp-json\/wp\/v2\/comments?post=35717"}],"version-history":[{"count":1,"href":"https:\/\/elinformanteperu.com\/index.php\/wp-json\/wp\/v2\/posts\/35717\/revisions"}],"predecessor-version":[{"id":35720,"href":"https:\/\/elinformanteperu.com\/index.php\/wp-json\/wp\/v2\/posts\/35717\/revisions\/35720"}],"wp:featuredmedia":[{"embeddable":true,"href":"https:\/\/elinformanteperu.com\/index.php\/wp-json\/wp\/v2\/media\/35719"}],"wp:attachment":[{"href":"https:\/\/elinformanteperu.com\/index.php\/wp-json\/wp\/v2\/media?parent=35717"}],"wp:term":[{"taxonomy":"category","embeddable":true,"href":"https:\/\/elinformanteperu.com\/index.php\/wp-json\/wp\/v2\/categories?post=35717"},{"taxonomy":"post_tag","embeddable":true,"href":"https:\/\/elinformanteperu.com\/index.php\/wp-json\/wp\/v2\/tags?post=35717"}],"curies":[{"name":"wp","href":"https:\/\/api.w.org\/{rel}","templated":true}]}}