{"id":35441,"date":"2018-10-22T22:02:43","date_gmt":"2018-10-23T03:02:43","guid":{"rendered":"http:\/\/elinformanteperu.com\/?p=35441"},"modified":"2018-10-22T22:02:43","modified_gmt":"2018-10-23T03:02:43","slug":"fifa-confirma-a-peru-como-sede-del-mundial-sub-17-en-el-2019","status":"publish","type":"post","link":"https:\/\/elinformanteperu.com\/index.php\/2018\/10\/22\/fifa-confirma-a-peru-como-sede-del-mundial-sub-17-en-el-2019\/","title":{"rendered":"FIFA confirma a Per\u00fa como sede del Mundial Sub-17 en el 2019"},"content":{"rendered":"<p><strong><span style=\"color: #000000;\">El secretario de la Federaci\u00f3n Peruana de F\u00fatbol, Juan Matute, se reuni\u00f3 con la secretaria de la FIFA, Fatma Samoura con el objetivo de confirmar la realizaci\u00f3n del certamen en el Per\u00fa<\/span><\/strong><\/p>\n<p><span style=\"color: #000000;\"><strong>Lima, 22 de Octubre 2018, (ANDINA).-<\/strong> El secretario general de la Federaci\u00f3n Peruana de F\u00fatbol (FPF), Juan Matute, se reuni\u00f3 en Zurich con la secretaria general de la FIFA, Fatma Samoura, y la presidenta del Comit\u00e9 Organizador Local del Mundial Sub-17 Per\u00fa 2019, Mara Seminario, con el objetivo de confirmar la realizaci\u00f3n del certamen en el Per\u00fa.<\/span><\/p>\n<p><span style=\"color: #000000;\">La delegaci\u00f3n peruana hizo entrega del Decreto Supremo 009-2018, a trav\u00e9s del cual el Estado Peruano confirma el Mundial Sub 17 como evento de inter\u00e9s nacional y se compromete a otorgar las garant\u00edas necesarias para su correcto desarrollo.<\/span><\/p>\n<p><span style=\"color: #000000;\">Por su parte, la FIFA se comprometi\u00f3 a enviar funcionarios permanentes, los cuales ayudar\u00e1n a la organizaci\u00f3n en la toma de decisiones diarias y la reducci\u00f3n de costos.<\/span><\/p>\n<p><span style=\"color: #000000;\">La elecci\u00f3n de Per\u00fa como sede del Mundial FIFA Sub 17 se dio en el marco de la realizaci\u00f3n de la Cumbre Ejecutiva de la FIFA, en Lima, en marzo de este a\u00f1o. El presidente de la FIFA, Gianni Infantino, dio a conocer esta noticia en Palacio de Gobierno, en presencia de las m\u00e1ximas autoridades del Estado peruano.<\/span><\/p>\n<p><span style=\"color: #000000;\">Este torneo ser\u00e1 la actividad deportiva m\u00e1s importante de la FIFA el pr\u00f3ximo a\u00f1o.<\/span><\/p>\n<p><img fetchpriority=\"high\" decoding=\"async\" class=\"aligncenter size-full wp-image-35204\" src=\"http:\/\/elinformanteperu.com\/wp-content\/uploads\/2018\/10\/mundial-sub17.jpg\" alt=\"\" width=\"1800\" height=\"1157\" srcset=\"https:\/\/elinformanteperu.com\/wp-content\/uploads\/2018\/10\/mundial-sub17.jpg 1800w, https:\/\/elinformanteperu.com\/wp-content\/uploads\/2018\/10\/mundial-sub17-300x193.jpg 300w, https:\/\/elinformanteperu.com\/wp-content\/uploads\/2018\/10\/mundial-sub17-768x494.jpg 768w, https:\/\/elinformanteperu.com\/wp-content\/uploads\/2018\/10\/mundial-sub17-1024x658.jpg 1024w, https:\/\/elinformanteperu.com\/wp-content\/uploads\/2018\/10\/mundial-sub17-128x82.jpg 128w, https:\/\/elinformanteperu.com\/wp-content\/uploads\/2018\/10\/mundial-sub17-32x21.jpg 32w\" sizes=\"(max-width: 1800px) 100vw, 1800px\" \/><\/p>\n","protected":false},"excerpt":{"rendered":"<p>El secretario de la Federaci\u00f3n Peruana de F\u00fatbol, Juan Matute, se reuni\u00f3 con la secretaria de la FIFA, Fatma Samoura con el objetivo de confirmar la realizaci\u00f3n del certamen en el Per\u00fa Lima, 22 de Octubre 2018, (ANDINA).- El secretario general de la Federaci\u00f3n Peruana de F\u00fatbol (FPF), Juan Matute, se reuni\u00f3 en Zurich con [&hellip;]<\/p>\n","protected":false},"author":1,"featured_media":35443,"comment_status":"open","ping_status":"open","sticky":false,"template":"","format":"standard","meta":{"rop_custom_images_group":[],"rop_custom_messages_group":[],"rop_publish_now":"initial","rop_publish_now_accounts":[],"rop_publish_now_history":[],"rop_publish_now_status":"pending","footnotes":""},"categories":[8],"tags":[268,3551],"class_list":["post-35441","post","type-post","status-publish","format-standard","has-post-thumbnail","hentry","category-disciplinas-deportivas","tag-fifa","tag-mundial-2019-sub-17"],"_links":{"self":[{"href":"https:\/\/elinformanteperu.com\/index.php\/wp-json\/wp\/v2\/posts\/35441","targetHints":{"allow":["GET"]}}],"collection":[{"href":"https:\/\/elinformanteperu.com\/index.php\/wp-json\/wp\/v2\/posts"}],"about":[{"href":"https:\/\/elinformanteperu.com\/index.php\/wp-json\/wp\/v2\/types\/post"}],"author":[{"embeddable":true,"href":"https:\/\/elinformanteperu.com\/index.php\/wp-json\/wp\/v2\/users\/1"}],"replies":[{"embeddable":true,"href":"https:\/\/elinformanteperu.com\/index.php\/wp-json\/wp\/v2\/comments?post=35441"}],"version-history":[{"count":1,"href":"https:\/\/elinformanteperu.com\/index.php\/wp-json\/wp\/v2\/posts\/35441\/revisions"}],"predecessor-version":[{"id":35444,"href":"https:\/\/elinformanteperu.com\/index.php\/wp-json\/wp\/v2\/posts\/35441\/revisions\/35444"}],"wp:featuredmedia":[{"embeddable":true,"href":"https:\/\/elinformanteperu.com\/index.php\/wp-json\/wp\/v2\/media\/35443"}],"wp:attachment":[{"href":"https:\/\/elinformanteperu.com\/index.php\/wp-json\/wp\/v2\/media?parent=35441"}],"wp:term":[{"taxonomy":"category","embeddable":true,"href":"https:\/\/elinformanteperu.com\/index.php\/wp-json\/wp\/v2\/categories?post=35441"},{"taxonomy":"post_tag","embeddable":true,"href":"https:\/\/elinformanteperu.com\/index.php\/wp-json\/wp\/v2\/tags?post=35441"}],"curies":[{"name":"wp","href":"https:\/\/api.w.org\/{rel}","templated":true}]}}