{"id":35270,"date":"2018-10-20T14:29:28","date_gmt":"2018-10-20T19:29:28","guid":{"rendered":"http:\/\/elinformanteperu.com\/?p=35270"},"modified":"2018-10-20T14:29:28","modified_gmt":"2018-10-20T19:29:28","slug":"policia-ampliara-resguardo-para-fiscal-jose-domingo-perez","status":"publish","type":"post","link":"https:\/\/elinformanteperu.com\/index.php\/2018\/10\/20\/policia-ampliara-resguardo-para-fiscal-jose-domingo-perez\/","title":{"rendered":"Polic\u00eda ampliar\u00e1 resguardo para fiscal Jos\u00e9 Domingo P\u00e9rez"},"content":{"rendered":"<p><strong><span style=\"color: #000000;\">La Polic\u00eda Nacional ampliar\u00e1 el resguardo con el que cuenta el fiscal de Lavado de Activos, Jos\u00e9 Domingo P\u00e9rez, para su familia y domicilio.<\/span><\/strong><\/p>\n<p><span style=\"color: #000000;\"><strong>Lima, 20 de Octubre 2018, (ANDINA).-<\/strong> La Polic\u00eda Nacional ampliar\u00e1 el resguardo con el que cuenta el fiscal de Lavado de Activos, Jos\u00e9 Domingo P\u00e9rez, para su familia y domicilio, inform\u00f3 el Ministerio del Interior.<\/span><\/p>\n<p><span style=\"color: #000000;\">La medida fue dispuesta por el ministro del Interior, Carlos Mor\u00e1n.<\/span><\/p>\n<p><span style=\"color: #000000;\">El fiscal de Lavado de Activos, Jos\u00e9 Domingo P\u00e9rez, quien tiene a su cargo la investigaci\u00f3n contra Keiko Fujimori, inform\u00f3 que la puerta de su domicilio fue forzada.<\/span><\/p>\n<p><span style=\"color: #000000;\">\u00abLa chapa de la puerta del departamento donde vivo est\u00e1 forzada, da\u00f1ada, felizmente no han ingresado, adentro se encontraba mi esposa, mi familia\u00bb, declar\u00f3 en RPP.<\/span><\/p>\n<p><span style=\"color: #000000;\">Sostuvo que su domicilio, ubicado en un edificio, se hizo p\u00fablico a trav\u00e9s de las redes sociales, como parte de los ataques que indic\u00f3 haber recibido en los \u00faltimos d\u00edas en dichas plataformas virtuales.<\/span><\/p>\n","protected":false},"excerpt":{"rendered":"<p>La Polic\u00eda Nacional ampliar\u00e1 el resguardo con el que cuenta el fiscal de Lavado de Activos, Jos\u00e9 Domingo P\u00e9rez, para su familia y domicilio. Lima, 20 de Octubre 2018, (ANDINA).- La Polic\u00eda Nacional ampliar\u00e1 el resguardo con el que cuenta el fiscal de Lavado de Activos, Jos\u00e9 Domingo P\u00e9rez, para su familia y domicilio, inform\u00f3 [&hellip;]<\/p>\n","protected":false},"author":1,"featured_media":35272,"comment_status":"open","ping_status":"open","sticky":false,"template":"","format":"standard","meta":{"rop_custom_images_group":[],"rop_custom_messages_group":[],"rop_publish_now":"initial","rop_publish_now_accounts":[],"rop_publish_now_history":[],"rop_publish_now_status":"pending","footnotes":""},"categories":[5],"tags":[3684,2568,401],"class_list":["post-35270","post","type-post","status-publish","format-standard","has-post-thumbnail","hentry","category-actualidad-informativa","tag-carlos-moran","tag-jose-domingo-perez","tag-mininter"],"_links":{"self":[{"href":"https:\/\/elinformanteperu.com\/index.php\/wp-json\/wp\/v2\/posts\/35270","targetHints":{"allow":["GET"]}}],"collection":[{"href":"https:\/\/elinformanteperu.com\/index.php\/wp-json\/wp\/v2\/posts"}],"about":[{"href":"https:\/\/elinformanteperu.com\/index.php\/wp-json\/wp\/v2\/types\/post"}],"author":[{"embeddable":true,"href":"https:\/\/elinformanteperu.com\/index.php\/wp-json\/wp\/v2\/users\/1"}],"replies":[{"embeddable":true,"href":"https:\/\/elinformanteperu.com\/index.php\/wp-json\/wp\/v2\/comments?post=35270"}],"version-history":[{"count":1,"href":"https:\/\/elinformanteperu.com\/index.php\/wp-json\/wp\/v2\/posts\/35270\/revisions"}],"predecessor-version":[{"id":35273,"href":"https:\/\/elinformanteperu.com\/index.php\/wp-json\/wp\/v2\/posts\/35270\/revisions\/35273"}],"wp:featuredmedia":[{"embeddable":true,"href":"https:\/\/elinformanteperu.com\/index.php\/wp-json\/wp\/v2\/media\/35272"}],"wp:attachment":[{"href":"https:\/\/elinformanteperu.com\/index.php\/wp-json\/wp\/v2\/media?parent=35270"}],"wp:term":[{"taxonomy":"category","embeddable":true,"href":"https:\/\/elinformanteperu.com\/index.php\/wp-json\/wp\/v2\/categories?post=35270"},{"taxonomy":"post_tag","embeddable":true,"href":"https:\/\/elinformanteperu.com\/index.php\/wp-json\/wp\/v2\/tags?post=35270"}],"curies":[{"name":"wp","href":"https:\/\/api.w.org\/{rel}","templated":true}]}}