{"id":35131,"date":"2018-10-18T22:22:10","date_gmt":"2018-10-19T03:22:10","guid":{"rendered":"http:\/\/elinformanteperu.com\/?p=35131"},"modified":"2018-10-18T22:22:10","modified_gmt":"2018-10-19T03:22:10","slug":"afp-uno-de-cada-tres-afiliados-ha-sido-estafado-por-su-empleador","status":"publish","type":"post","link":"https:\/\/elinformanteperu.com\/index.php\/2018\/10\/18\/afp-uno-de-cada-tres-afiliados-ha-sido-estafado-por-su-empleador\/","title":{"rendered":"AFP: uno de cada tres afiliados ha sido estafado por su empleador"},"content":{"rendered":"<p><strong><span style=\"color: #000000;\">La presidenta de la Asociaci\u00f3n de AFP (AAFP), Giovanna Prial\u00e9, sostuvo que un tercio de los afiliados a una AFP ha sido estafado por su empleador en alg\u00fan momento.<\/span><\/strong><\/p>\n<p><span style=\"color: #000000;\"><strong>Lima, 18 de Octubre 2018, (ANDINA).-<\/strong> La presidenta de la Asociaci\u00f3n de AFP (AAFP), Giovanna Prial\u00e9, sostuvo que un tercio de los afiliados a una AFP ha sido estafado por su empleador en alg\u00fan momento.<\/span><\/p>\n<p><span style=\"color: #000000;\">\u201cDe un universo de 6 millones 400,000 personas aproximadamente, tenemos que 2 millones 200,000 afiliados en alg\u00fan momento de su vida se les retuvo el dinero y nunca se les deposit\u00f3 en su cuenta de capitalizaci\u00f3n individual\u201d, manifest\u00f3 Prial\u00e9.<\/span><\/p>\n<p><span style=\"color: #000000;\">Asimismo, se\u00f1al\u00f3 que esta cantidad abarcar\u00eda el sector p\u00fablico y privado, y que no solamente se debe a la informalidad, sino al modo en que operan los empleadores los que retienen ese dinero.<\/span><\/p>\n<p><span style=\"color: #000000;\">\u201cSi nosotros no corregimos esta forma delincuencial para actuar y no nos quitamos la idea de que la corrupci\u00f3n es parte de nuestro d\u00eda a d\u00eda, no existir\u00e1 ning\u00fan sistema de pensiones que funcione\u201d, afirm\u00f3.<\/span><\/p>\n<p><span style=\"color: #000000;\">\u201cMuchas empresas creen que es v\u00e1lido quedarse con el dinero de los trabajadores e incluso se van a juicio porque ah\u00ed lo ganan pagando al juez\u201d, remarc\u00f3.<\/span><\/p>\n<p><strong><span style=\"color: #000000;\">Planilla \u00fanica y electr\u00f3nica<\/span><\/strong><\/p>\n<p><span style=\"color: #000000;\">En ese sentido, Giovanna Prial\u00e9 se\u00f1al\u00f3 que existen dos soluciones para evitar que el empleador robe la plata del trabajador.<\/span><\/p>\n<p><span style=\"color: #000000;\">El Estado deber\u00eda contar con una planilla \u00fanica, independientemente de la negociaci\u00f3n colectiva, pues mediante ese mecanismo se podr\u00eda hacer el dep\u00f3sito en la AFP, Oficina de Normalizaci\u00f3n Previsional (ONP) y EsSalud a todos de forma inmediata.<\/span><\/p>\n<p><span style=\"color: #000000;\">En el sector privado se tendr\u00eda que hacer uso de la planilla electr\u00f3nica y para acceder a la misma, se deber\u00eda ingresar a la base de datos del Ministerio del Trabajo y Promoci\u00f3n del Empleo (MTPE).<\/span><\/p>\n<p><span style=\"color: #000000;\">De la misma forma, una entidad o persona que no haya realizado el pago de los aportes del trabajador, no podr\u00eda realizar operaciones el siguiente mes<\/span><\/p>\n<p><span style=\"color: #000000;\">\u201cCon eso reducir\u00edamos a cero la posibilidad de que los trabajadores afiliados no tengan aportes, pues esto no es solo un problema de informalidad, es un problema de ilegalidad y corrupci\u00f3n dentro del sector p\u00fablico y privado\u201d, enfatiz\u00f3.<\/span><\/p>\n<p><span style=\"color: #000000;\">En tanto la presidenta de la Asociaci\u00f3n de AFP dijo que si se lograr reducir en gran medida esa pr\u00e1ctica, los beneficios serian varios, entre ellos y el m\u00e1s directo ser\u00eda mejorar la econom\u00eda de los aportantes, pues contar\u00edan con m\u00e1s dinero en cuenta de capitalizaci\u00f3n individual y en consecuencia una mejor pensi\u00f3n a futuro.<\/span><\/p>\n<p><span style=\"color: #000000;\">Tambi\u00e9n indic\u00f3 que la ONP tendr\u00eda mayor liquidez para pagar mejores pensiones en el corto plazo, y EsSalud no tendr\u00eda una situaci\u00f3n tan cr\u00edtica como la actual, pues sus principales acreedores son las entidades p\u00fablicas.<\/span><\/p>\n<p><span style=\"color: #000000;\">Adem\u00e1s, manifest\u00f3 que se encuentran trabajando de la mano con el Ministerio de Econom\u00eda y Finanzas (MEF) para revertir esta situaci\u00f3n.<\/span><\/p>\n<p><span style=\"color: #000000;\">\u201cEs un tema de voluntad pol\u00edtica porque requiere un consenso en el Congreso para la aprobaci\u00f3n de las medidas, y por el lado del Ejecutivo, una voluntad que si existe, de revertir esta pr\u00e1ctica ilegal, que es un robo\u201d, finaliz\u00f3.<\/span><\/p>\n","protected":false},"excerpt":{"rendered":"<p>La presidenta de la Asociaci\u00f3n de AFP (AAFP), Giovanna Prial\u00e9, sostuvo que un tercio de los afiliados a una AFP ha sido estafado por su empleador en alg\u00fan momento. Lima, 18 de Octubre 2018, (ANDINA).- La presidenta de la Asociaci\u00f3n de AFP (AAFP), Giovanna Prial\u00e9, sostuvo que un tercio de los afiliados a una AFP [&hellip;]<\/p>\n","protected":false},"author":1,"featured_media":11821,"comment_status":"open","ping_status":"open","sticky":false,"template":"","format":"standard","meta":{"rop_custom_images_group":[],"rop_custom_messages_group":[],"rop_publish_now":"initial","rop_publish_now_accounts":[],"rop_publish_now_history":[],"rop_publish_now_status":"pending","footnotes":""},"categories":[10],"tags":[1760,1169,2131],"class_list":["post-35131","post","type-post","status-publish","format-standard","has-post-thumbnail","hentry","category-actualidad-municipal","tag-afp","tag-afp-integra","tag-onp"],"_links":{"self":[{"href":"https:\/\/elinformanteperu.com\/index.php\/wp-json\/wp\/v2\/posts\/35131","targetHints":{"allow":["GET"]}}],"collection":[{"href":"https:\/\/elinformanteperu.com\/index.php\/wp-json\/wp\/v2\/posts"}],"about":[{"href":"https:\/\/elinformanteperu.com\/index.php\/wp-json\/wp\/v2\/types\/post"}],"author":[{"embeddable":true,"href":"https:\/\/elinformanteperu.com\/index.php\/wp-json\/wp\/v2\/users\/1"}],"replies":[{"embeddable":true,"href":"https:\/\/elinformanteperu.com\/index.php\/wp-json\/wp\/v2\/comments?post=35131"}],"version-history":[{"count":1,"href":"https:\/\/elinformanteperu.com\/index.php\/wp-json\/wp\/v2\/posts\/35131\/revisions"}],"predecessor-version":[{"id":35133,"href":"https:\/\/elinformanteperu.com\/index.php\/wp-json\/wp\/v2\/posts\/35131\/revisions\/35133"}],"wp:featuredmedia":[{"embeddable":true,"href":"https:\/\/elinformanteperu.com\/index.php\/wp-json\/wp\/v2\/media\/11821"}],"wp:attachment":[{"href":"https:\/\/elinformanteperu.com\/index.php\/wp-json\/wp\/v2\/media?parent=35131"}],"wp:term":[{"taxonomy":"category","embeddable":true,"href":"https:\/\/elinformanteperu.com\/index.php\/wp-json\/wp\/v2\/categories?post=35131"},{"taxonomy":"post_tag","embeddable":true,"href":"https:\/\/elinformanteperu.com\/index.php\/wp-json\/wp\/v2\/tags?post=35131"}],"curies":[{"name":"wp","href":"https:\/\/api.w.org\/{rel}","templated":true}]}}