{"id":35116,"date":"2018-10-18T21:56:41","date_gmt":"2018-10-19T02:56:41","guid":{"rendered":"http:\/\/elinformanteperu.com\/?p=35116"},"modified":"2018-10-18T21:56:41","modified_gmt":"2018-10-19T02:56:41","slug":"poder-judicial-fijara-jurisprudencia-sobre-prueba-de-adn-y-violacion-de-menores","status":"publish","type":"post","link":"https:\/\/elinformanteperu.com\/index.php\/2018\/10\/18\/poder-judicial-fijara-jurisprudencia-sobre-prueba-de-adn-y-violacion-de-menores\/","title":{"rendered":"Poder Judicial fijar\u00e1 jurisprudencia sobre prueba de ADN y violaci\u00f3n de menores"},"content":{"rendered":"<p><strong><span style=\"color: #000000;\">Los magistrados de las salas penales de la Corte Suprema se reunir\u00e1n el pr\u00f3ximo 7 de noviembre para fijar jurisprudencia sobre los delitos de violaci\u00f3n sexual.<\/span><\/strong><\/p>\n<p><span style=\"color: #000000;\"><strong>Lima, 18 de Octubre 2018, (ANDINA).-<\/strong> Los magistrados de las salas penales de la Corte Suprema se reunir\u00e1n el pr\u00f3ximo 7 de noviembre para fijar jurisprudencia sobre los delitos de violaci\u00f3n sexual de menores de edad, as\u00ed como la exigencia de actuar la prueba de ADN para establecer la responsabilidad penal del imputado, inform\u00f3 el Poder Judicial.<\/span><\/p>\n<p><span style=\"color: #000000;\">Los jueces supremos Elvia Barrios Alvarado, Aldo Figueroa Navarro y Jos\u00e9 Antonio Neyra Flores ser\u00e1n ponentes del tema de ADN; en tanto, C\u00e9sar San Mart\u00edn Castro, Jos\u00e9 Luis Lecaros Cornejo y Jorge Luis Salas Arenas en el de violaci\u00f3n sexual de menores de edad.<\/span><\/p>\n<p><span style=\"color: #000000;\">En la sesi\u00f3n de instalaci\u00f3n realizada en la Sala de Juramentos, los jueces supremos integrantes de las salas Permanente, Transitoria y Especial acordaron invitar para que expongan a un representante de la Fiscal\u00eda Suprema Penal y otro de la Junta de Decanos del Colegio de Abogados.<\/span><\/p>\n<p><span style=\"color: #000000;\">La comunidad jur\u00eddica podr\u00e1 presentar sus opiniones jur\u00eddicas respecto de estos temas a trav\u00e9s de la p\u00e1gina web del Poder Judicial.<\/span><\/p>\n<p><span style=\"color: #000000;\">Esta actividad empezar\u00e1 a las 09:00 horas en el auditorio de la sede Carlos Zavala, ubicado en jir\u00f3n Manuel Cuadros N\u00b0 182, costado de Palacio de Justicia.<\/span><\/p>\n<p><strong><span style=\"color: #000000;\">Instalaci\u00f3n<\/span><\/strong><\/p>\n<p><span style=\"color: #000000;\">Durante la reuni\u00f3n, el coordinador del Pleno y presidente de la Sala Penal Permanente, C\u00e9sar San Mart\u00edn, anunci\u00f3 que la sentencia casatoria ser\u00e1 publicada en la p\u00e1gina web del Poder Judicial el 11 de diciembre 2018.<\/span><\/p>\n<p><span style=\"color: #000000;\">La propuesta de este pleno surge como consecuencia de la sentencia de casaci\u00f3n N\u00b0 292-2014-Ancash, sobre la prueba de ADN, de fecha 17 de febrero de 2016 emitida por la Sala Penal Permanente, la cual fue observada por la Primera Sala Penal Transitoria.<\/span><\/p>\n<p><span style=\"color: #000000;\">Asimismo, por las inconsistencias en los criterios de determinaci\u00f3n de la pena en el delito de violaci\u00f3n de menores de edad, observadas en la sentencia de casaci\u00f3n N\u00b0 335-2015-Santa, de fecha 18 de agosto de 2016.<\/span><\/p>\n","protected":false},"excerpt":{"rendered":"<p>Los magistrados de las salas penales de la Corte Suprema se reunir\u00e1n el pr\u00f3ximo 7 de noviembre para fijar jurisprudencia sobre los delitos de violaci\u00f3n sexual. Lima, 18 de Octubre 2018, (ANDINA).- Los magistrados de las salas penales de la Corte Suprema se reunir\u00e1n el pr\u00f3ximo 7 de noviembre para fijar jurisprudencia sobre los delitos [&hellip;]<\/p>\n","protected":false},"author":1,"featured_media":29832,"comment_status":"open","ping_status":"open","sticky":false,"template":"","format":"standard","meta":{"rop_custom_images_group":[],"rop_custom_messages_group":[],"rop_publish_now":"initial","rop_publish_now_accounts":[],"rop_publish_now_history":[],"rop_publish_now_status":"pending","footnotes":""},"categories":[10],"tags":[163],"class_list":["post-35116","post","type-post","status-publish","format-standard","has-post-thumbnail","hentry","category-actualidad-municipal","tag-poder-judicial"],"_links":{"self":[{"href":"https:\/\/elinformanteperu.com\/index.php\/wp-json\/wp\/v2\/posts\/35116","targetHints":{"allow":["GET"]}}],"collection":[{"href":"https:\/\/elinformanteperu.com\/index.php\/wp-json\/wp\/v2\/posts"}],"about":[{"href":"https:\/\/elinformanteperu.com\/index.php\/wp-json\/wp\/v2\/types\/post"}],"author":[{"embeddable":true,"href":"https:\/\/elinformanteperu.com\/index.php\/wp-json\/wp\/v2\/users\/1"}],"replies":[{"embeddable":true,"href":"https:\/\/elinformanteperu.com\/index.php\/wp-json\/wp\/v2\/comments?post=35116"}],"version-history":[{"count":1,"href":"https:\/\/elinformanteperu.com\/index.php\/wp-json\/wp\/v2\/posts\/35116\/revisions"}],"predecessor-version":[{"id":35118,"href":"https:\/\/elinformanteperu.com\/index.php\/wp-json\/wp\/v2\/posts\/35116\/revisions\/35118"}],"wp:featuredmedia":[{"embeddable":true,"href":"https:\/\/elinformanteperu.com\/index.php\/wp-json\/wp\/v2\/media\/29832"}],"wp:attachment":[{"href":"https:\/\/elinformanteperu.com\/index.php\/wp-json\/wp\/v2\/media?parent=35116"}],"wp:term":[{"taxonomy":"category","embeddable":true,"href":"https:\/\/elinformanteperu.com\/index.php\/wp-json\/wp\/v2\/categories?post=35116"},{"taxonomy":"post_tag","embeddable":true,"href":"https:\/\/elinformanteperu.com\/index.php\/wp-json\/wp\/v2\/tags?post=35116"}],"curies":[{"name":"wp","href":"https:\/\/api.w.org\/{rel}","templated":true}]}}