{"id":35108,"date":"2018-10-18T21:50:28","date_gmt":"2018-10-19T02:50:28","guid":{"rendered":"http:\/\/elinformanteperu.com\/?p=35108"},"modified":"2018-10-18T21:50:28","modified_gmt":"2018-10-19T02:50:28","slug":"senor-de-los-milagros-conoce-los-desvios-vehiculares-y-rutas-alternas-por-procesion","status":"publish","type":"post","link":"https:\/\/elinformanteperu.com\/index.php\/2018\/10\/18\/senor-de-los-milagros-conoce-los-desvios-vehiculares-y-rutas-alternas-por-procesion\/","title":{"rendered":"Se\u00f1or de los Milagros: conoce los desv\u00edos vehiculares y rutas alternas por procesi\u00f3n"},"content":{"rendered":"<p><strong><span style=\"color: #000000;\">La Municipalidad de Lima dispuso un plan de desvi\u00f3 vehicular a fin de facilitar el desplazamiento de los miles de fieles que acompa\u00f1an a la imagen del Se\u00f1or de los Milagros.<\/span><\/strong><\/p>\n<p><span style=\"color: #000000;\"><strong>Lima, 18 de Octubre 2018, (ANDINA).-<\/strong> La Gerencia de Transporte Urbano (GTU) de la Municipalidad de Lima dispuso un plan de desvi\u00f3 vehicular, hoy y ma\u00f1ana, a fin de facilitar el desplazamiento de los miles de fieles que acompa\u00f1an a la imagen del Se\u00f1or de los Milagros por el centro hist\u00f3rico de la capital, en su segundo y tercer recorrido procesional.<\/span><\/p>\n<p><span style=\"color: #000000;\">Para hoy jueves 18 de octubre, la restricci\u00f3n parcial de veh\u00edculos se inici\u00f3 a las 05.00 horas, y comprende el Jr. Huancavelica \u2013 Av. Tacna &#8211; Jr. Conde de Superunda &#8211; Jr. Jun\u00edn \u2013 Jr. Andahuaylas- Jr. Ancash- Av. Sebasti\u00e1n Lorente- Jr. Jun\u00edn, calles que forman parte del segundo recorrido procesional.<\/span><\/p>\n<p><span style=\"color: #000000;\">Para ma\u00f1ana viernes 19, se aplicar\u00e1 la restricci\u00f3n en las calles Prolongaci\u00f3n. Lucanas, Puno, Cangallo, Grau, Nicol\u00e1s de Pi\u00e9rola, Ayacucho, Cusco, Abancay, Az\u00e1ngaro, Miguel Aljov\u00edn, Paseo de la Rep\u00fablica, De la Uni\u00f3n y Tacna.<\/span><\/p>\n<p><span style=\"color: #000000;\">La GTU recomienda a los conductores a utilizar como rutas alternas las siguientes v\u00edas:<\/span><\/p>\n<p><strong><span style=\"color: #000000;\">Jueves 18<\/span><\/strong><\/p>\n<p><span style=\"color: #000000;\"><strong>&#8211; Norte a sur:<\/strong> Av. Francisco Pizarro &#8211; Av. Caquet\u00e1 &#8211; Av. Alfonso Ugarte-Plaza Dos de Mayo-Av. Alfonso Ugarte-Plaza Bolognesi&#8230; continuar ruta.<\/span><\/p>\n<p><span style=\"color: #000000;\"><strong>&#8211; Sur a norte:<\/strong> Plaza Bolognesi- Av. Alfonso Ugarte- Plaza Dos de Mayo-Av. Caquet\u00e1&#8230;continuar ruta.<\/span><\/p>\n<p><span style=\"color: #000000;\"><strong>&#8211; Este a oeste:<\/strong> Av. Abancay \u2013 Av. Grau-Plaza Grau-Av. Paseo Col\u00f3n-Plaza Bolognesi\u2026seguir ruta.<\/span><\/p>\n<p><span style=\"color: #000000;\"><strong>&#8211; Oeste a este:<\/strong> Plaza Bolognesi-Av. Paseo Col\u00f3n-Plaza Grau-Av. Grau-Av. Abancay&#8230;continuar ruta.<\/span><\/p>\n<p><strong><span style=\"color: #000000;\">Viernes 19<\/span><\/strong><\/p>\n<p><span style=\"color: #000000;\"><strong>&#8211; Norte a sur:<\/strong> Av. Francisco Pizarro &#8211; Av. Caquet\u00e1 &#8211; Av. Alfonso Ugarte-Plaza Dos de Mayo-Av. Alfonso Ugarte-Plaza Bolognesi&#8230;seguir ruta.<\/span><\/p>\n<p><span style=\"color: #000000;\"><strong>&#8211; Sur a norte:<\/strong> Plaza Bolognesi- Av. Alfonso Ugarte-Plaza Dos de Mayo- Av. Alfonso Ugarte-Av. Caquet\u00e1\u2026 continuar ruta.<\/span><\/p>\n<p><span style=\"color: #000000;\"><strong>&#8211; Este a oeste:<\/strong> Av. 9 de Octubre- Jr. Cajamarca-Av. Francisco Pizarro-Av. Caquet\u00e1-Av. Alfonso Ugarte-Plaza Dos de Mayo-Av. Alfonso Ugarte\u2026 seguir ruta.<\/span><\/p>\n<p><span style=\"color: #000000;\"><strong>&#8211; Oeste a este:<\/strong> Plaza Bolognesi-Av. Alfonso Ugarte-Plaza Dos de Mayo-Av. Caquet\u00e1-Av. De los Pr\u00f3ceres-Jr. Vir\u00fa-Jr. Libertad-Jr. Chiclayo- Calle Loreto-Av. 9 de Octubre\u2026&#8230;continuar ruta.<\/span><\/p>\n<p><span style=\"color: #000000;\">Durante los d\u00edas que dure la actividad religiosa, inspectores de transporte orientar\u00e1n a los conductores sobre las rutas alternas, a fin de evitar el congestionamiento vehicular, mientras que el personal de la Polic\u00eda Nacional accionar\u00e1 de acuerdo a su competencia en materia de tr\u00e1nsito.<\/span><\/p>\n<p><span style=\"color: #000000;\">Conozca c\u00f3mo se encuentra el tr\u00e1fico durante el recorrido procesional del Se\u00f1or de los Milagros.<\/span><\/p>\n","protected":false},"excerpt":{"rendered":"<p>La Municipalidad de Lima dispuso un plan de desvi\u00f3 vehicular a fin de facilitar el desplazamiento de los miles de fieles que acompa\u00f1an a la imagen del Se\u00f1or de los Milagros. Lima, 18 de Octubre 2018, (ANDINA).- La Gerencia de Transporte Urbano (GTU) de la Municipalidad de Lima dispuso un plan de desvi\u00f3 vehicular, hoy [&hellip;]<\/p>\n","protected":false},"author":1,"featured_media":35110,"comment_status":"open","ping_status":"open","sticky":false,"template":"","format":"standard","meta":{"rop_custom_images_group":[],"rop_custom_messages_group":[],"rop_publish_now":"initial","rop_publish_now_accounts":[],"rop_publish_now_history":[],"rop_publish_now_status":"pending","footnotes":""},"categories":[10],"tags":[122,1389],"class_list":["post-35108","post","type-post","status-publish","format-standard","has-post-thumbnail","hentry","category-actualidad-municipal","tag-municipalidad-de-lima","tag-senor-de-los-milagros"],"_links":{"self":[{"href":"https:\/\/elinformanteperu.com\/index.php\/wp-json\/wp\/v2\/posts\/35108","targetHints":{"allow":["GET"]}}],"collection":[{"href":"https:\/\/elinformanteperu.com\/index.php\/wp-json\/wp\/v2\/posts"}],"about":[{"href":"https:\/\/elinformanteperu.com\/index.php\/wp-json\/wp\/v2\/types\/post"}],"author":[{"embeddable":true,"href":"https:\/\/elinformanteperu.com\/index.php\/wp-json\/wp\/v2\/users\/1"}],"replies":[{"embeddable":true,"href":"https:\/\/elinformanteperu.com\/index.php\/wp-json\/wp\/v2\/comments?post=35108"}],"version-history":[{"count":1,"href":"https:\/\/elinformanteperu.com\/index.php\/wp-json\/wp\/v2\/posts\/35108\/revisions"}],"predecessor-version":[{"id":35111,"href":"https:\/\/elinformanteperu.com\/index.php\/wp-json\/wp\/v2\/posts\/35108\/revisions\/35111"}],"wp:featuredmedia":[{"embeddable":true,"href":"https:\/\/elinformanteperu.com\/index.php\/wp-json\/wp\/v2\/media\/35110"}],"wp:attachment":[{"href":"https:\/\/elinformanteperu.com\/index.php\/wp-json\/wp\/v2\/media?parent=35108"}],"wp:term":[{"taxonomy":"category","embeddable":true,"href":"https:\/\/elinformanteperu.com\/index.php\/wp-json\/wp\/v2\/categories?post=35108"},{"taxonomy":"post_tag","embeddable":true,"href":"https:\/\/elinformanteperu.com\/index.php\/wp-json\/wp\/v2\/tags?post=35108"}],"curies":[{"name":"wp","href":"https:\/\/api.w.org\/{rel}","templated":true}]}}