{"id":34778,"date":"2018-10-08T23:22:59","date_gmt":"2018-10-09T04:22:59","guid":{"rendered":"http:\/\/elinformanteperu.com\/?p=34778"},"modified":"2018-10-08T23:22:59","modified_gmt":"2018-10-09T04:22:59","slug":"elecciones-2018-omar-candia-se-perfila-como-alcalde-de-arequipa","status":"publish","type":"post","link":"https:\/\/elinformanteperu.com\/index.php\/2018\/10\/08\/elecciones-2018-omar-candia-se-perfila-como-alcalde-de-arequipa\/","title":{"rendered":"Elecciones 2018: Omar Candia se perfila como alcalde de Arequipa"},"content":{"rendered":"<p><strong><span style=\"color: #000000;\">Omar Candia Aguilar, candidato de Arequipa Renace, se perfila como el alcalde provincial de Arequipa, al obtener el 15.121 % del respaldo de los votos v\u00e1lidos.<\/span><\/strong><\/p>\n<p><span style=\"color: #000000;\"><strong>Arequipa, 08 de Octubre 2018, (ANDINA).-<\/strong> Omar Candia Aguilar, candidato de Arequipa Renace, se perfila como el alcalde provincial de Arequipa, al obtener el 15.121 % del respaldo de los votos v\u00e1lidos, de acuerdo con el reporte al 82.62 % emitido por la Oficina Descentralizada de Procesos Electorales (ODPE).<\/span><\/p>\n<p><span style=\"color: #000000;\">Le sigue muy de cerca Alvaro Moscoso Mercado, de Unidos por el Gran Cambio, quien alcanz\u00f3 el 12.55 % de los votos; a\u00fan existen varias actas observadas que ser\u00e1n revisadas por el Jurado Electoral Especial (JEE) de Arequipa.<\/span><\/p>\n<p><span style=\"color: #000000;\">Omar Candia Aguilar fue electo en el 2010, por primera vez, burgomaestre del distrito de Alto Selva Alegre y, reelecto el 2014. Es cuestionado por presuntas compras irregulares, actos por los cuales enfrenta una denuncia penal.<\/span><\/p>\n<p><span style=\"color: #000000;\">Alvaro Moscoso Mercado postul\u00f3 en dos oportunidades a la alcald\u00eda provincial de Arequipa, la primera en el 2010 por Fuerza Arequipe\u00f1a y el 2014.<\/span><\/p>\n<p><span style=\"color: #000000;\">El jefe de la ODPE Arequipa, Isaac Barrera, refiri\u00f3 que los resultados al 100 % se dar\u00e1n a conocer aproximadamente a las 19:00 horas.<\/span><\/p>\n<p><span style=\"color: #000000;\">Se\u00f1al\u00f3 que el retraso obedece a que las actas de tres distritos llegaron muy tarde, las cuales est\u00e1n siendo procesadas.<\/span><\/p>\n<p><span style=\"color: #000000;\">Respecto a los resultados en distritos de Arequipa, dijo que el proceso de conteo de votos pr\u00e1cticamente concluy\u00f3, cuyas nuevas autoridades deber\u00e1n ser proclamadas en forma oficial por el JEE.<\/span><\/p>\n","protected":false},"excerpt":{"rendered":"<p>Omar Candia Aguilar, candidato de Arequipa Renace, se perfila como el alcalde provincial de Arequipa, al obtener el 15.121 % del respaldo de los votos v\u00e1lidos. Arequipa, 08 de Octubre 2018, (ANDINA).- Omar Candia Aguilar, candidato de Arequipa Renace, se perfila como el alcalde provincial de Arequipa, al obtener el 15.121 % del respaldo de [&hellip;]<\/p>\n","protected":false},"author":1,"featured_media":34780,"comment_status":"open","ping_status":"open","sticky":false,"template":"","format":"standard","meta":{"rop_custom_images_group":[],"rop_custom_messages_group":[],"rop_publish_now":"initial","rop_publish_now_accounts":[],"rop_publish_now_history":[],"rop_publish_now_status":"pending","footnotes":""},"categories":[10],"tags":[3646,963,3659,150],"class_list":["post-34778","post","type-post","status-publish","format-standard","has-post-thumbnail","hentry","category-actualidad-municipal","tag-elecciones-regionales-2018","tag-municipalidad-de-arequipa","tag-omar-candia-aguilar","tag-onpe"],"_links":{"self":[{"href":"https:\/\/elinformanteperu.com\/index.php\/wp-json\/wp\/v2\/posts\/34778","targetHints":{"allow":["GET"]}}],"collection":[{"href":"https:\/\/elinformanteperu.com\/index.php\/wp-json\/wp\/v2\/posts"}],"about":[{"href":"https:\/\/elinformanteperu.com\/index.php\/wp-json\/wp\/v2\/types\/post"}],"author":[{"embeddable":true,"href":"https:\/\/elinformanteperu.com\/index.php\/wp-json\/wp\/v2\/users\/1"}],"replies":[{"embeddable":true,"href":"https:\/\/elinformanteperu.com\/index.php\/wp-json\/wp\/v2\/comments?post=34778"}],"version-history":[{"count":1,"href":"https:\/\/elinformanteperu.com\/index.php\/wp-json\/wp\/v2\/posts\/34778\/revisions"}],"predecessor-version":[{"id":34781,"href":"https:\/\/elinformanteperu.com\/index.php\/wp-json\/wp\/v2\/posts\/34778\/revisions\/34781"}],"wp:featuredmedia":[{"embeddable":true,"href":"https:\/\/elinformanteperu.com\/index.php\/wp-json\/wp\/v2\/media\/34780"}],"wp:attachment":[{"href":"https:\/\/elinformanteperu.com\/index.php\/wp-json\/wp\/v2\/media?parent=34778"}],"wp:term":[{"taxonomy":"category","embeddable":true,"href":"https:\/\/elinformanteperu.com\/index.php\/wp-json\/wp\/v2\/categories?post=34778"},{"taxonomy":"post_tag","embeddable":true,"href":"https:\/\/elinformanteperu.com\/index.php\/wp-json\/wp\/v2\/tags?post=34778"}],"curies":[{"name":"wp","href":"https:\/\/api.w.org\/{rel}","templated":true}]}}