{"id":34770,"date":"2018-10-08T23:12:59","date_gmt":"2018-10-09T04:12:59","guid":{"rendered":"http:\/\/elinformanteperu.com\/?p=34770"},"modified":"2018-10-08T23:12:59","modified_gmt":"2018-10-09T04:12:59","slug":"onpe-conteo-al-100-confirma-a-jose-rodriguez-como-alcalde-de-barranco","status":"publish","type":"post","link":"https:\/\/elinformanteperu.com\/index.php\/2018\/10\/08\/onpe-conteo-al-100-confirma-a-jose-rodriguez-como-alcalde-de-barranco\/","title":{"rendered":"ONPE: conteo al 100 % confirma a Jos\u00e9 Rodr\u00edguez como alcalde de Barranco"},"content":{"rendered":"<p><strong><span style=\"color: #000000;\">El conteo de los votos al 100 % confirm\u00f3 a Jos\u00e9 Rodr\u00edguez C\u00e1rdenas, de las filas de Siempre Unidos, como el pr\u00f3ximo alcalde del distrito de Barranco.<\/span><\/strong><\/p>\n<p><span style=\"color: #000000;\"><strong>Lima, 08 de Octubre 2018, (ANDINA).-<\/strong> El conteo de los votos al 100 % confirm\u00f3 a Jos\u00e9 Rodr\u00edguez C\u00e1rdenas, de las filas de Siempre Unidos, como el pr\u00f3ximo alcalde del distrito de Barranco.<\/span><\/p>\n<p><span style=\"color: #000000;\">Rodr\u00edguez, quien obtuvo el 27 % de los votos de electorado, asumir\u00e1 la alcald\u00eda barranquina en enero del 2019 en reemplazo del actual burgomaestre Antonio Mezarina.<\/span><\/p>\n<p><span style=\"color: #000000;\">De acuerdo con los resultados distritales de la ONPE, en segundo lugar de esta elecci\u00f3n qued\u00f3 David Fern\u00e1ndez D\u00e1vila (Uni\u00f3n por el Per\u00fa) con 17.48 %, mientras que Acci\u00f3n Popular qued\u00f3 en tercer lugar con 15 % de los votos.<\/span><\/p>\n<p><span style=\"color: #000000;\">Arquitecto de profesi\u00f3n, Rodr\u00edguez labor\u00f3 antes como gerente general de la Sociedad de Beneficencia de Lima y previamente fue gerente de Prolima, de la Municipalidad de Lima.<\/span><\/p>\n","protected":false},"excerpt":{"rendered":"<p>El conteo de los votos al 100 % confirm\u00f3 a Jos\u00e9 Rodr\u00edguez C\u00e1rdenas, de las filas de Siempre Unidos, como el pr\u00f3ximo alcalde del distrito de Barranco. Lima, 08 de Octubre 2018, (ANDINA).- El conteo de los votos al 100 % confirm\u00f3 a Jos\u00e9 Rodr\u00edguez C\u00e1rdenas, de las filas de Siempre Unidos, como el pr\u00f3ximo [&hellip;]<\/p>\n","protected":false},"author":1,"featured_media":34772,"comment_status":"open","ping_status":"open","sticky":false,"template":"","format":"standard","meta":{"rop_custom_images_group":[],"rop_custom_messages_group":[],"rop_publish_now":"initial","rop_publish_now_accounts":[],"rop_publish_now_history":[],"rop_publish_now_status":"pending","footnotes":""},"categories":[10],"tags":[1537,3658,1638],"class_list":["post-34770","post","type-post","status-publish","format-standard","has-post-thumbnail","hentry","category-actualidad-municipal","tag-elecciones-municipales-2018","tag-jose-rodriguez-cardenas","tag-municipalidad-de-barranco"],"_links":{"self":[{"href":"https:\/\/elinformanteperu.com\/index.php\/wp-json\/wp\/v2\/posts\/34770","targetHints":{"allow":["GET"]}}],"collection":[{"href":"https:\/\/elinformanteperu.com\/index.php\/wp-json\/wp\/v2\/posts"}],"about":[{"href":"https:\/\/elinformanteperu.com\/index.php\/wp-json\/wp\/v2\/types\/post"}],"author":[{"embeddable":true,"href":"https:\/\/elinformanteperu.com\/index.php\/wp-json\/wp\/v2\/users\/1"}],"replies":[{"embeddable":true,"href":"https:\/\/elinformanteperu.com\/index.php\/wp-json\/wp\/v2\/comments?post=34770"}],"version-history":[{"count":1,"href":"https:\/\/elinformanteperu.com\/index.php\/wp-json\/wp\/v2\/posts\/34770\/revisions"}],"predecessor-version":[{"id":34773,"href":"https:\/\/elinformanteperu.com\/index.php\/wp-json\/wp\/v2\/posts\/34770\/revisions\/34773"}],"wp:featuredmedia":[{"embeddable":true,"href":"https:\/\/elinformanteperu.com\/index.php\/wp-json\/wp\/v2\/media\/34772"}],"wp:attachment":[{"href":"https:\/\/elinformanteperu.com\/index.php\/wp-json\/wp\/v2\/media?parent=34770"}],"wp:term":[{"taxonomy":"category","embeddable":true,"href":"https:\/\/elinformanteperu.com\/index.php\/wp-json\/wp\/v2\/categories?post=34770"},{"taxonomy":"post_tag","embeddable":true,"href":"https:\/\/elinformanteperu.com\/index.php\/wp-json\/wp\/v2\/tags?post=34770"}],"curies":[{"name":"wp","href":"https:\/\/api.w.org\/{rel}","templated":true}]}}