{"id":34765,"date":"2018-10-08T23:10:58","date_gmt":"2018-10-09T04:10:58","guid":{"rendered":"http:\/\/elinformanteperu.com\/?p=34765"},"modified":"2018-10-08T23:10:58","modified_gmt":"2018-10-09T04:10:58","slug":"candidato-ganador-de-vmt-fue-tachado-quien-asumira-la-alcaldia","status":"publish","type":"post","link":"https:\/\/elinformanteperu.com\/index.php\/2018\/10\/08\/candidato-ganador-de-vmt-fue-tachado-quien-asumira-la-alcaldia\/","title":{"rendered":"Candidato ganador de VMT fue tachado. \u00bfQui\u00e9n asumir\u00e1 la alcald\u00eda?"},"content":{"rendered":"<p><strong><span style=\"color: #000000;\">Pese a que hab\u00eda sido tachado y retirado de la contienda electoral, Guido I\u00f1igo Peralta, de Per\u00fa Patria Segura, sigui\u00f3 en carrera y gan\u00f3 en Villa Mar\u00eda del Triunfo (VMT).<\/span><\/strong><\/p>\n<p><span style=\"color: #000000;\"><strong>Lima, 08 de Octubre 2018, (ANDINA).-<\/strong> Pese a que hab\u00eda sido tachado y retirado de la contienda electoral por el Jurado Nacional de Elecciones (JNE), Guido I\u00f1igo Peralta, de Per\u00fa Patria Segura, sigui\u00f3 en carrera y gan\u00f3 en Villa Mar\u00eda del Triunfo (VMT).<\/span><\/p>\n<p><span style=\"color: #000000;\">El \u00faltimo reporte de la ONPE de las 11:38 horas de hoy, con el 99.91 % de las actas procesadas, indica que Per\u00fa Patria Segura logr\u00f3 el 34.02 % de los votos emitidos mientras que Alianza para el Progreso obtuvo solo el 8.01%.<\/span><\/p>\n<p><span style=\"color: #000000;\">\u00bfA qui\u00e9n le corresponde entonces asumir la alcald\u00eda si el candidato ha sido tachado y no podr\u00e1 ejercer su funci\u00f3n?<\/span><\/p>\n<p><span style=\"color: #000000;\">De acuerdo con la Ley Electoral, el candidato a teniente alcalde por Per\u00fa Patria Segura, Eloy Ch\u00e1vez Hern\u00e1ndez, deber\u00e1 asumir la alcald\u00eda de Villa Mar\u00eda del Triunfo, ya que Guido I\u00f1igo Peralta fue excluido de la contienda electoral.<\/span><\/p>\n<p><span style=\"color: #000000;\">Los regidores electos deber\u00e1n recibir sus credenciales que los acredita como tales y, una vez en ejercicio, deber\u00e1n sesionar para vacar a I\u00f1igo Peralta y permitir que, previa acreditaci\u00f3n del JNE, Ch\u00e1vez Hern\u00e1ndez (27) asuma el sill\u00f3n municipal.<\/span><\/p>\n<p><span style=\"color: #000000;\">I\u00f1igo Peralta, quien actualmente es alcalde de Villa El Salvador, postul\u00f3 para la alcald\u00eda de VMT ante la prohibici\u00f3n de la reelecci\u00f3n en la misma jurisdicci\u00f3n.<\/span><\/p>\n<p><span style=\"color: #000000;\">Sin embargo, fue tachado y excluido del proceso electoral por no cumplir las condiciones del domicilio m\u00faltiple.<\/span><\/p>\n<p><span style=\"color: #000000;\">En tanto, en Villa el Salvador le suceder\u00e1 en el cargo su hermano Clodoaldo Kevin I\u00f1igo Peralta, tambi\u00e9n de la agrupaci\u00f3n Per\u00fa Patria Segura, quien logr\u00f3 una aplastante victoria sobre sus rivales.<\/span><\/p>\n","protected":false},"excerpt":{"rendered":"<p>Pese a que hab\u00eda sido tachado y retirado de la contienda electoral, Guido I\u00f1igo Peralta, de Per\u00fa Patria Segura, sigui\u00f3 en carrera y gan\u00f3 en Villa Mar\u00eda del Triunfo (VMT). Lima, 08 de Octubre 2018, (ANDINA).- Pese a que hab\u00eda sido tachado y retirado de la contienda electoral por el Jurado Nacional de Elecciones (JNE), [&hellip;]<\/p>\n","protected":false},"author":1,"featured_media":34768,"comment_status":"open","ping_status":"open","sticky":false,"template":"","format":"standard","meta":{"rop_custom_images_group":[],"rop_custom_messages_group":[],"rop_publish_now":"initial","rop_publish_now_accounts":[],"rop_publish_now_history":[],"rop_publish_now_status":"pending","footnotes":""},"categories":[10],"tags":[1537,3657,1083],"class_list":["post-34765","post","type-post","status-publish","format-standard","has-post-thumbnail","hentry","category-actualidad-municipal","tag-elecciones-municipales-2018","tag-guido-inigo-peralta","tag-municipalidad-de-villa-maria-del-triunfo"],"_links":{"self":[{"href":"https:\/\/elinformanteperu.com\/index.php\/wp-json\/wp\/v2\/posts\/34765","targetHints":{"allow":["GET"]}}],"collection":[{"href":"https:\/\/elinformanteperu.com\/index.php\/wp-json\/wp\/v2\/posts"}],"about":[{"href":"https:\/\/elinformanteperu.com\/index.php\/wp-json\/wp\/v2\/types\/post"}],"author":[{"embeddable":true,"href":"https:\/\/elinformanteperu.com\/index.php\/wp-json\/wp\/v2\/users\/1"}],"replies":[{"embeddable":true,"href":"https:\/\/elinformanteperu.com\/index.php\/wp-json\/wp\/v2\/comments?post=34765"}],"version-history":[{"count":1,"href":"https:\/\/elinformanteperu.com\/index.php\/wp-json\/wp\/v2\/posts\/34765\/revisions"}],"predecessor-version":[{"id":34769,"href":"https:\/\/elinformanteperu.com\/index.php\/wp-json\/wp\/v2\/posts\/34765\/revisions\/34769"}],"wp:featuredmedia":[{"embeddable":true,"href":"https:\/\/elinformanteperu.com\/index.php\/wp-json\/wp\/v2\/media\/34768"}],"wp:attachment":[{"href":"https:\/\/elinformanteperu.com\/index.php\/wp-json\/wp\/v2\/media?parent=34765"}],"wp:term":[{"taxonomy":"category","embeddable":true,"href":"https:\/\/elinformanteperu.com\/index.php\/wp-json\/wp\/v2\/categories?post=34765"},{"taxonomy":"post_tag","embeddable":true,"href":"https:\/\/elinformanteperu.com\/index.php\/wp-json\/wp\/v2\/tags?post=34765"}],"curies":[{"name":"wp","href":"https:\/\/api.w.org\/{rel}","templated":true}]}}