{"id":34676,"date":"2018-10-07T19:25:53","date_gmt":"2018-10-08T00:25:53","guid":{"rendered":"http:\/\/elinformanteperu.com\/?p=34676"},"modified":"2018-10-07T19:25:53","modified_gmt":"2018-10-08T00:25:53","slug":"jorge-munoz-se-dirigio-a-sus-simpatizantes-en-local-de-accion-popular","status":"publish","type":"post","link":"https:\/\/elinformanteperu.com\/index.php\/2018\/10\/07\/jorge-munoz-se-dirigio-a-sus-simpatizantes-en-local-de-accion-popular\/","title":{"rendered":"Jorge Mu\u00f1oz se dirigi\u00f3 a sus simpatizantes en local de Acci\u00f3n Popular"},"content":{"rendered":"<p><strong><span style=\"color: #000000;\">El virtual candidato a la alcald\u00eda de Lima, Jorge Mu\u00f1oz, se dirigi\u00f3 a sus simpatizantes de Acci\u00f3n Popular, congregados en la sede del partido en Paseo Col\u00f3n.<\/span><\/strong><\/p>\n<p><span style=\"color: #000000;\"><strong>Lima, 07 de Octubre 2018, (ANDINA).-<\/strong> El virtual candidato a la alcald\u00eda de Lima, Jorge Mu\u00f1oz, se dirigi\u00f3 a sus simpatizantes de Acci\u00f3n Popular, congregados en la sede del partido en Paseo Col\u00f3n.<\/span><\/p>\n<p><span style=\"color: #000000;\">Desde uno de los balcones del local partidario, las primeras palabras de Mu\u00f1oz fueron de agradecimiento a sus electores e invit\u00f3 a Daniel Urresti, quien lleg\u00f3 a saludarlo, a pasar a dicho recinto.<\/span><\/p>\n<p><span style=\"color: #000000;\">Dijo que trabajar\u00e1 por los m\u00e1s necesitados de Lima y reiter\u00f3 su pedido a los otros candidatos para que env\u00eden sus propuestas con la finalidad de hacer un plan de gobierno \u00fanico y sacar lo mejor, \u00ablos invito a trabajar\u00bb, ratific\u00f3.<\/span><\/p>\n<p><span style=\"color: #000000;\">Tambi\u00e9n indic\u00f3 haber recibido el llamado del presidente Mart\u00edn Vizcarra para trabajar en conjunto y sacar adelante Lima.<\/span><\/p>\n<p><span style=\"color: #000000;\">\u00abHe recibido el llamando del presidente para trabajar en conjunto y sacar adelante a Lima. Tenemos que llevar adelante la ciudad, se vienen los Panamericanos y debemos preparar a la ciudad para que reciba a muchas personas\u00bb, expres\u00f3.<\/span><\/p>\n<p><span style=\"color: #000000;\">Asimismo, remarc\u00f3 que estamos a pocos a\u00f1os del Bicentenario \u00aby eso nos debe encontrar preparados para tener una mejor ciudad. Una ciudad m\u00e1s visible, admirable que no nos agreda, sino que sea nuestro hogar\u00bb, apunt\u00f3.<\/span><\/p>\n","protected":false},"excerpt":{"rendered":"<p>El virtual candidato a la alcald\u00eda de Lima, Jorge Mu\u00f1oz, se dirigi\u00f3 a sus simpatizantes de Acci\u00f3n Popular, congregados en la sede del partido en Paseo Col\u00f3n. Lima, 07 de Octubre 2018, (ANDINA).- El virtual candidato a la alcald\u00eda de Lima, Jorge Mu\u00f1oz, se dirigi\u00f3 a sus simpatizantes de Acci\u00f3n Popular, congregados en la sede [&hellip;]<\/p>\n","protected":false},"author":1,"featured_media":34678,"comment_status":"open","ping_status":"open","sticky":false,"template":"","format":"standard","meta":{"rop_custom_images_group":[],"rop_custom_messages_group":[],"rop_publish_now":"initial","rop_publish_now_accounts":[],"rop_publish_now_history":[],"rop_publish_now_status":"pending","footnotes":""},"categories":[5],"tags":[326,1537,3476],"class_list":["post-34676","post","type-post","status-publish","format-standard","has-post-thumbnail","hentry","category-actualidad-informativa","tag-accion-popular","tag-elecciones-municipales-2018","tag-jorge-munoz"],"_links":{"self":[{"href":"https:\/\/elinformanteperu.com\/index.php\/wp-json\/wp\/v2\/posts\/34676","targetHints":{"allow":["GET"]}}],"collection":[{"href":"https:\/\/elinformanteperu.com\/index.php\/wp-json\/wp\/v2\/posts"}],"about":[{"href":"https:\/\/elinformanteperu.com\/index.php\/wp-json\/wp\/v2\/types\/post"}],"author":[{"embeddable":true,"href":"https:\/\/elinformanteperu.com\/index.php\/wp-json\/wp\/v2\/users\/1"}],"replies":[{"embeddable":true,"href":"https:\/\/elinformanteperu.com\/index.php\/wp-json\/wp\/v2\/comments?post=34676"}],"version-history":[{"count":1,"href":"https:\/\/elinformanteperu.com\/index.php\/wp-json\/wp\/v2\/posts\/34676\/revisions"}],"predecessor-version":[{"id":34679,"href":"https:\/\/elinformanteperu.com\/index.php\/wp-json\/wp\/v2\/posts\/34676\/revisions\/34679"}],"wp:featuredmedia":[{"embeddable":true,"href":"https:\/\/elinformanteperu.com\/index.php\/wp-json\/wp\/v2\/media\/34678"}],"wp:attachment":[{"href":"https:\/\/elinformanteperu.com\/index.php\/wp-json\/wp\/v2\/media?parent=34676"}],"wp:term":[{"taxonomy":"category","embeddable":true,"href":"https:\/\/elinformanteperu.com\/index.php\/wp-json\/wp\/v2\/categories?post=34676"},{"taxonomy":"post_tag","embeddable":true,"href":"https:\/\/elinformanteperu.com\/index.php\/wp-json\/wp\/v2\/tags?post=34676"}],"curies":[{"name":"wp","href":"https:\/\/api.w.org\/{rel}","templated":true}]}}