{"id":34373,"date":"2018-10-03T20:42:58","date_gmt":"2018-10-04T01:42:58","guid":{"rendered":"http:\/\/elinformanteperu.com\/?p=34373"},"modified":"2018-10-03T20:42:58","modified_gmt":"2018-10-04T01:42:58","slug":"transparencia-chavarry-hace-un-uso-politico-de-su-cargo","status":"publish","type":"post","link":"https:\/\/elinformanteperu.com\/index.php\/2018\/10\/03\/transparencia-chavarry-hace-un-uso-politico-de-su-cargo\/","title":{"rendered":"Transparencia: Ch\u00e1varry hace un uso pol\u00edtico de su cargo"},"content":{"rendered":"<p><strong><span style=\"color: #000000;\">El secretario general de Transparencia, Gerardo T\u00e1vara, afirm\u00f3 que el fiscal de la Naci\u00f3n, Pedro Ch\u00e1varry, hace un uso pol\u00edtico de su cargo.<\/span><\/strong><\/p>\n<p><span style=\"color: #000000;\"><strong>Lima, 03 de Octubre 2018, (ANDINA).-<\/strong> El secretario general de Transparencia, Gerardo T\u00e1vara, afirm\u00f3 que el fiscal de la Naci\u00f3n, Pedro Ch\u00e1varry, hace un uso pol\u00edtico de su cargo y cuestion\u00f3 que el titular del Ministerio P\u00fablico contin\u00fae en este puesto, ya que ha demostrado con sus actos que no es la persona id\u00f3nea.<\/span><\/p>\n<p><span style=\"color: #000000;\">En declaraciones a la Agencia Andina, T\u00e1vara mencion\u00f3 que el fiscal de la Naci\u00f3n hace un uso indebido del cargo, pues es inaceptable que haya lanzado una amenaza al presidente Mart\u00edn Vizcarra, en un mensaje publicado en su cuenta personal de Twitter.<\/span><\/p>\n<p><span style=\"color: #000000;\">\u201cCreo que s\u00ed, que hace un uso pol\u00edtico del cargo. Como fiscal no puede emitir declaraciones semejantes a la del tuit de ayer. Esta es una situaci\u00f3n que se torna cada vez m\u00e1s intolerable, pero no es la \u00fanica conducta cuestionable\u201d, refiri\u00f3.<\/span><\/p>\n<p><span style=\"color: #000000;\">T\u00e1vara record\u00f3 que Ch\u00e1varry es cuestionado debido a las investigaciones de las fiscales Roc\u00edo S\u00e1nchez y Sandra Castro, que lo mencionan como presunto integrante de la organizaci\u00f3n criminal los Cuellos Blancos del Puerto.<\/span><\/p>\n<p><span style=\"color: #000000;\">Explic\u00f3 que tambi\u00e9n existe una acusaci\u00f3n constitucional contra Ch\u00e1varry, que deber\u00e1 atender el pr\u00f3ximo viernes el Congreso de la Rep\u00fablica<\/span><\/p>\n<p><span style=\"color: #000000;\">\u201cEl fiscal de la Naci\u00f3n tiene serios cuestionamientos en investigaciones e informes que lo vinculan con actividades delictivas; adem\u00e1s, el presidente Vizcarra no es el primero que le pide dar un paso al costado, se lo han pedido sus propios fiscales e instituciones\u201d, record\u00f3.<\/span><\/p>\n<p><span style=\"color: #000000;\">Agreg\u00f3 que debido a estos cuestionamientos y con su negativa de dejar el puesto, mientras duren las investigaciones, demuestra que \u201cno es la persona para ejercer el cargo de fiscal de la Naci\u00f3n\u201d.<\/span><\/p>\n<p><span style=\"color: #000000;\">Precisamente, ayer, el fiscal de la Naci\u00f3n, a trav\u00e9s de su cuenta de Twitter, hizo referencia a que el mandatario Mart\u00edn Vizcarra tendr\u00eda denuncias en su contra, las cuales entrar\u00e1n a tr\u00e1mite.<\/span><\/p>\n<p><span style=\"color: #000000;\">Este mensaje se da luego de que el propio Mandatario pidiera al fiscal Ch\u00e1varry dar un paso al costado, pues tiene una serie de cuestionamientos.<\/span><\/p>\n","protected":false},"excerpt":{"rendered":"<p>El secretario general de Transparencia, Gerardo T\u00e1vara, afirm\u00f3 que el fiscal de la Naci\u00f3n, Pedro Ch\u00e1varry, hace un uso pol\u00edtico de su cargo. Lima, 03 de Octubre 2018, (ANDINA).- El secretario general de Transparencia, Gerardo T\u00e1vara, afirm\u00f3 que el fiscal de la Naci\u00f3n, Pedro Ch\u00e1varry, hace un uso pol\u00edtico de su cargo y cuestion\u00f3 que [&hellip;]<\/p>\n","protected":false},"author":1,"featured_media":4464,"comment_status":"open","ping_status":"open","sticky":false,"template":"","format":"standard","meta":{"rop_custom_images_group":[],"rop_custom_messages_group":[],"rop_publish_now":"initial","rop_publish_now_accounts":[],"rop_publish_now_history":[],"rop_publish_now_status":"pending","footnotes":""},"categories":[5],"tags":[848,3209],"class_list":["post-34373","post","type-post","status-publish","format-standard","has-post-thumbnail","hentry","category-actualidad-informativa","tag-gerardo-tavara","tag-pedro-chavarry"],"_links":{"self":[{"href":"https:\/\/elinformanteperu.com\/index.php\/wp-json\/wp\/v2\/posts\/34373","targetHints":{"allow":["GET"]}}],"collection":[{"href":"https:\/\/elinformanteperu.com\/index.php\/wp-json\/wp\/v2\/posts"}],"about":[{"href":"https:\/\/elinformanteperu.com\/index.php\/wp-json\/wp\/v2\/types\/post"}],"author":[{"embeddable":true,"href":"https:\/\/elinformanteperu.com\/index.php\/wp-json\/wp\/v2\/users\/1"}],"replies":[{"embeddable":true,"href":"https:\/\/elinformanteperu.com\/index.php\/wp-json\/wp\/v2\/comments?post=34373"}],"version-history":[{"count":1,"href":"https:\/\/elinformanteperu.com\/index.php\/wp-json\/wp\/v2\/posts\/34373\/revisions"}],"predecessor-version":[{"id":34375,"href":"https:\/\/elinformanteperu.com\/index.php\/wp-json\/wp\/v2\/posts\/34373\/revisions\/34375"}],"wp:featuredmedia":[{"embeddable":true,"href":"https:\/\/elinformanteperu.com\/index.php\/wp-json\/wp\/v2\/media\/4464"}],"wp:attachment":[{"href":"https:\/\/elinformanteperu.com\/index.php\/wp-json\/wp\/v2\/media?parent=34373"}],"wp:term":[{"taxonomy":"category","embeddable":true,"href":"https:\/\/elinformanteperu.com\/index.php\/wp-json\/wp\/v2\/categories?post=34373"},{"taxonomy":"post_tag","embeddable":true,"href":"https:\/\/elinformanteperu.com\/index.php\/wp-json\/wp\/v2\/tags?post=34373"}],"curies":[{"name":"wp","href":"https:\/\/api.w.org\/{rel}","templated":true}]}}