{"id":34370,"date":"2018-10-03T20:39:19","date_gmt":"2018-10-04T01:39:19","guid":{"rendered":"http:\/\/elinformanteperu.com\/?p=34370"},"modified":"2018-10-03T20:39:19","modified_gmt":"2018-10-04T01:39:19","slug":"presidente-vizcarra-no-voy-a-permitir-amenazas-del-fiscal-chavarry-ni-de-nadie","status":"publish","type":"post","link":"https:\/\/elinformanteperu.com\/index.php\/2018\/10\/03\/presidente-vizcarra-no-voy-a-permitir-amenazas-del-fiscal-chavarry-ni-de-nadie\/","title":{"rendered":"Presidente Vizcarra: no voy a permitir amenazas del fiscal Ch\u00e1varry ni de nadie"},"content":{"rendered":"<p><strong><span style=\"color: #000000;\">El Presidente, Mart\u00edn Vizcarra, afirm\u00f3 que no permitir\u00e1 amenazas provenientes del fiscal de la Naci\u00f3n, Pedro Ch\u00e1varry.<\/span><\/strong><\/p>\n<p><span style=\"color: #000000;\"><strong>Lima, 03 de Octubre 2018, (ANDINA).-<\/strong> El Presidente de la Rep\u00fablica, Mart\u00edn Vizcarra, afirm\u00f3 que no permitir\u00e1 amenazas provenientes del fiscal de la Naci\u00f3n, Pedro Ch\u00e1varry, al manifestar que tiene una trayectoria intachable en la actividad p\u00fablica y privada.<\/span><\/p>\n<p><span style=\"color: #000000;\">En entrevista con \u00abPer\u00fa21\u00bb, el Jefe del Estado se\u00f1al\u00f3 que un titular del Ministerio P\u00fablico que use su cargo para amenazar, no solo al Presidente, sino al ciudadano, no es merecedor de dicha autoridad.<\/span><\/p>\n<p><span style=\"color: #000000;\">\u201cSi tiene algo que hacer, que proceda. \u00bfPero que amenace? No voy a permitir amenazas de \u00e9l ni de nadie. Nosotros tenemos una trayectoria intachable, en la actividad p\u00fablica y privada. Podemos tener virtudes y defectos, como todo ser humano, pero todos saben que la honestidad es una de mis virtudes\u201d, afirm\u00f3.<\/span><\/p>\n<p><span style=\"color: #000000;\">En ese sentido, refiri\u00f3 que el fiscal de la Naci\u00f3n \u201cest\u00e1 aprovech\u00e1ndose del cargo\u201d y con esa actitud \u201cest\u00e1 demostrando que no es una persona id\u00f3nea para el puesto\u201d.<\/span><\/p>\n<p><span style=\"color: #000000;\">El Mandatario record\u00f3 que existe una lista de qui\u00e9nes son los integrantes de los Cuellos Blancos del Puerto, organizaci\u00f3n criminal vinculada con diversas autoridades judiciales en el Callao, donde est\u00e1 incluido Pedro Ch\u00e1varry.<\/span><\/p>\n<p><span style=\"color: #000000;\">\u201cEl Ministerio P\u00fablico es sumamente respetable, est\u00e1 integrado por fiscales honestos. \u00bfPor qu\u00e9 debe ser liderado por alguien que no genera confianza? Ese es nuestro an\u00e1lisis. Adem\u00e1s, fiscales de distintas regiones le han pedido a Ch\u00e1varry que d\u00e9 un paso al costado. Entonces, si las propias fiscal\u00edas lo incluyen en la organizaci\u00f3n criminal, \u00bfno le corresponder\u00eda dar un paso al costado?\u201d, a\u00f1adi\u00f3.<\/span><\/p>\n<p><span style=\"color: #000000;\">Sobre las denuncias anunciadas por el fiscal de la Naci\u00f3n, a trav\u00e9s de un mensaje de Twitter, el presidente Vizcarra asegur\u00f3 que se allanar\u00eda a los procesos, como el caso del aeropuerto Chinchero, en el Cusco.<\/span><\/p>\n<p><span style=\"color: #000000;\">\u201cQue se investigue, no tengo inconvenientes, porque todo lo que hemos hecho est\u00e1 regido por las normas y procedimientos\u201d, precis\u00f3.<\/span><\/p>\n<p><strong><span style=\"color: #000000;\">Hinostroza<\/span><\/strong><\/p>\n<p><span style=\"color: #000000;\">En otro momento, expres\u00f3 su confianza en que ma\u00f1ana el pleno del Congreso le imputar\u00e1 al suspendido juez supremo C\u00e9sar Hinostroza el presunto delito de pertenencia a una organizaci\u00f3n criminal.<\/span><\/p>\n<p><span style=\"color: #000000;\">\u201cEs lo que corresponde. Creo que la mayor\u00eda de los peruanos sabe que una organizaci\u00f3n criminal ha sido desenmascarada por dos valerosas fiscales, que han hecho una prolija investigaci\u00f3n de delincuentes y que finalmente han catalogado esta organizaci\u00f3n de los Cuellos Blancos&#8230;\u201d, dijo.<\/span><\/p>\n<p><span style=\"color: #000000;\">Por ello, el Jefe del Estado sostuvo que deben darse facilidades a la Fiscal\u00eda para que profundice dicha investigaci\u00f3n, por lo que el Congreso \u201cno puede ser una traba para eso\u201d.<\/span><\/p>\n<p><span style=\"color: #000000;\">\u201cEstoy seguro de que los congresistas, basados en lo que ya han investigado, tomar\u00e1n la decisi\u00f3n que corresponde\u201d, agreg\u00f3.<\/span><\/p>\n<p><iframe title=\"Entrevista al presidente de la Rep\u00fablica Mart\u00edn Vizcarra\" width=\"615\" height=\"346\" src=\"https:\/\/www.youtube.com\/embed\/4d-hxgXV71U?feature=oembed\" frameborder=\"0\" allow=\"accelerometer; autoplay; clipboard-write; encrypted-media; gyroscope; picture-in-picture; web-share\" referrerpolicy=\"strict-origin-when-cross-origin\" allowfullscreen><\/iframe><\/p>\n","protected":false},"excerpt":{"rendered":"<p>El Presidente, Mart\u00edn Vizcarra, afirm\u00f3 que no permitir\u00e1 amenazas provenientes del fiscal de la Naci\u00f3n, Pedro Ch\u00e1varry. Lima, 03 de Octubre 2018, (ANDINA).- El Presidente de la Rep\u00fablica, Mart\u00edn Vizcarra, afirm\u00f3 que no permitir\u00e1 amenazas provenientes del fiscal de la Naci\u00f3n, Pedro Ch\u00e1varry, al manifestar que tiene una trayectoria intachable en la actividad p\u00fablica y [&hellip;]<\/p>\n","protected":false},"author":1,"featured_media":32719,"comment_status":"open","ping_status":"open","sticky":false,"template":"","format":"standard","meta":{"rop_custom_images_group":[],"rop_custom_messages_group":[],"rop_publish_now":"initial","rop_publish_now_accounts":[],"rop_publish_now_history":[],"rop_publish_now_status":"pending","footnotes":""},"categories":[5],"tags":[289,3209],"class_list":["post-34370","post","type-post","status-publish","format-standard","has-post-thumbnail","hentry","category-actualidad-informativa","tag-martin-vizcarra","tag-pedro-chavarry"],"_links":{"self":[{"href":"https:\/\/elinformanteperu.com\/index.php\/wp-json\/wp\/v2\/posts\/34370","targetHints":{"allow":["GET"]}}],"collection":[{"href":"https:\/\/elinformanteperu.com\/index.php\/wp-json\/wp\/v2\/posts"}],"about":[{"href":"https:\/\/elinformanteperu.com\/index.php\/wp-json\/wp\/v2\/types\/post"}],"author":[{"embeddable":true,"href":"https:\/\/elinformanteperu.com\/index.php\/wp-json\/wp\/v2\/users\/1"}],"replies":[{"embeddable":true,"href":"https:\/\/elinformanteperu.com\/index.php\/wp-json\/wp\/v2\/comments?post=34370"}],"version-history":[{"count":1,"href":"https:\/\/elinformanteperu.com\/index.php\/wp-json\/wp\/v2\/posts\/34370\/revisions"}],"predecessor-version":[{"id":34372,"href":"https:\/\/elinformanteperu.com\/index.php\/wp-json\/wp\/v2\/posts\/34370\/revisions\/34372"}],"wp:featuredmedia":[{"embeddable":true,"href":"https:\/\/elinformanteperu.com\/index.php\/wp-json\/wp\/v2\/media\/32719"}],"wp:attachment":[{"href":"https:\/\/elinformanteperu.com\/index.php\/wp-json\/wp\/v2\/media?parent=34370"}],"wp:term":[{"taxonomy":"category","embeddable":true,"href":"https:\/\/elinformanteperu.com\/index.php\/wp-json\/wp\/v2\/categories?post=34370"},{"taxonomy":"post_tag","embeddable":true,"href":"https:\/\/elinformanteperu.com\/index.php\/wp-json\/wp\/v2\/tags?post=34370"}],"curies":[{"name":"wp","href":"https:\/\/api.w.org\/{rel}","templated":true}]}}