{"id":34289,"date":"2018-10-02T21:19:17","date_gmt":"2018-10-03T02:19:17","guid":{"rendered":"http:\/\/elinformanteperu.com\/?p=34289"},"modified":"2018-10-02T21:19:17","modified_gmt":"2018-10-03T02:19:17","slug":"publican-fotos-de-congresista-becerril-con-empresario-camayo","status":"publish","type":"post","link":"https:\/\/elinformanteperu.com\/index.php\/2018\/10\/02\/publican-fotos-de-congresista-becerril-con-empresario-camayo\/","title":{"rendered":"Publican fotos de congresista Becerril con empresario Camayo"},"content":{"rendered":"<p><strong><span style=\"color: #000000;\">Un informe de IDL Reporteros revel\u00f3 que el congresista H\u00e9ctor Becerril, acudi\u00f3 a la fiesta de cumplea\u00f1os del hoy detenido empresario Antonio Camayo.<\/span><\/strong><\/p>\n<p><span style=\"color: #000000;\"><strong>Lima, 02 de Octubre 2018, (ANDINA).-<\/strong> Un informe de IDL Reporteros revel\u00f3 que el congresista de Fuerza Popular, H\u00e9ctor Becerril, acudi\u00f3 a la fiesta de cumplea\u00f1os del hoy detenido empresario Antonio Camayo, quien est\u00e1 presuntamente vinculado a la organizaci\u00f3n criminal Los cuellos blancos del Puerto.<\/span><\/p>\n<p><span style=\"color: #000000;\">Seg\u00fan la publicaci\u00f3n period\u00edstica, que muestra fotograf\u00edas del legislador fujimorista junto a Camayo, la fiesta por los 50 a\u00f1os del empresario tuvo lugar el 13 de febrero de 2017.<\/span><\/p>\n<p><span style=\"color: #000000;\">En las im\u00e1genes se observa al presidente de la Federaci\u00f3n Peruana de F\u00fatbol (FPF), Edwin Oviedo participan tambi\u00e9n del festejo.<\/span><\/p>\n<p><span style=\"color: #000000;\">El informe muestra, adem\u00e1s, un video en que el periodista Phillip Butters dedica palabras de elogio a Camayo.<\/span><\/p>\n<p><span style=\"color: #000000;\">En julio pasado, Becerril fue denunciado ante la Subcomisi\u00f3n de Acusaciones Constitucionales, luego de que se conocieran audios que revelaban una serie de irregularidades en el Consejo Nacional de la Magistratura.<\/span><\/p>\n<p><span style=\"color: #000000;\">A Becerril se le atribuye haberse reunido con Guido Aguila y Baltazar Morales, quienes eran miembros del Consejo Nacional de la Magistratura.<\/span><\/p>\n<p><span style=\"color: #000000;\">Dicho encuentro fue negado por el propio legislador Fuerza Popular, pero un audio de IDL-Reporteros permiti\u00f3 escuchar a Aguila y Morales dialogar sobre esta reuni\u00f3n, la cual s\u00ed se habr\u00eda realizado.<\/span><\/p>\n<p><span style=\"color: #000000;\">Luego de la difusi\u00f3n de los audios, Becerril anunci\u00f3 que se inhibir\u00e1 en participar en las investigaciones que se iniciaron contra los exmiembros del Consejo Nacional de la Magistratura en el Parlamento.<\/span><\/p>\n","protected":false},"excerpt":{"rendered":"<p>Un informe de IDL Reporteros revel\u00f3 que el congresista H\u00e9ctor Becerril, acudi\u00f3 a la fiesta de cumplea\u00f1os del hoy detenido empresario Antonio Camayo. Lima, 02 de Octubre 2018, (ANDINA).- Un informe de IDL Reporteros revel\u00f3 que el congresista de Fuerza Popular, H\u00e9ctor Becerril, acudi\u00f3 a la fiesta de cumplea\u00f1os del hoy detenido empresario Antonio Camayo, [&hellip;]<\/p>\n","protected":false},"author":1,"featured_media":34291,"comment_status":"open","ping_status":"open","sticky":false,"template":"","format":"standard","meta":{"rop_custom_images_group":[],"rop_custom_messages_group":[],"rop_publish_now":"initial","rop_publish_now_accounts":[],"rop_publish_now_history":[],"rop_publish_now_status":"pending","footnotes":""},"categories":[5],"tags":[3489,192,327,2428],"class_list":["post-34289","post","type-post","status-publish","format-standard","has-post-thumbnail","hentry","category-actualidad-informativa","tag-antonio-camayo","tag-congreso","tag-hector-becerril","tag-idl-reporteros"],"_links":{"self":[{"href":"https:\/\/elinformanteperu.com\/index.php\/wp-json\/wp\/v2\/posts\/34289","targetHints":{"allow":["GET"]}}],"collection":[{"href":"https:\/\/elinformanteperu.com\/index.php\/wp-json\/wp\/v2\/posts"}],"about":[{"href":"https:\/\/elinformanteperu.com\/index.php\/wp-json\/wp\/v2\/types\/post"}],"author":[{"embeddable":true,"href":"https:\/\/elinformanteperu.com\/index.php\/wp-json\/wp\/v2\/users\/1"}],"replies":[{"embeddable":true,"href":"https:\/\/elinformanteperu.com\/index.php\/wp-json\/wp\/v2\/comments?post=34289"}],"version-history":[{"count":1,"href":"https:\/\/elinformanteperu.com\/index.php\/wp-json\/wp\/v2\/posts\/34289\/revisions"}],"predecessor-version":[{"id":34292,"href":"https:\/\/elinformanteperu.com\/index.php\/wp-json\/wp\/v2\/posts\/34289\/revisions\/34292"}],"wp:featuredmedia":[{"embeddable":true,"href":"https:\/\/elinformanteperu.com\/index.php\/wp-json\/wp\/v2\/media\/34291"}],"wp:attachment":[{"href":"https:\/\/elinformanteperu.com\/index.php\/wp-json\/wp\/v2\/media?parent=34289"}],"wp:term":[{"taxonomy":"category","embeddable":true,"href":"https:\/\/elinformanteperu.com\/index.php\/wp-json\/wp\/v2\/categories?post=34289"},{"taxonomy":"post_tag","embeddable":true,"href":"https:\/\/elinformanteperu.com\/index.php\/wp-json\/wp\/v2\/tags?post=34289"}],"curies":[{"name":"wp","href":"https:\/\/api.w.org\/{rel}","templated":true}]}}