{"id":34286,"date":"2018-10-02T21:12:33","date_gmt":"2018-10-03T02:12:33","guid":{"rendered":"http:\/\/elinformanteperu.com\/?p=34286"},"modified":"2018-10-02T21:12:33","modified_gmt":"2018-10-03T02:12:33","slug":"presidente-vizcarra-se-requiere-un-ministerio-publico-libre-de-cuestionamientos","status":"publish","type":"post","link":"https:\/\/elinformanteperu.com\/index.php\/2018\/10\/02\/presidente-vizcarra-se-requiere-un-ministerio-publico-libre-de-cuestionamientos\/","title":{"rendered":"Presidente Vizcarra: se requiere un Ministerio P\u00fablico libre de cuestionamientos"},"content":{"rendered":"<p><strong><span style=\"color: #000000;\">El presidente Mart\u00edn Vizcarra sostuvo que el pa\u00eds necesita un Ministerio P\u00fablico liderado por un fiscal de la Naci\u00f3n libre de cualquier duda o cuestionamiento.<\/span><\/strong><\/p>\n<p><span style=\"color: #000000;\"><strong>Huancayo, 02 de Octubre 2018, (ANDINA).-<\/strong> El presidente Mart\u00edn Vizcarra sostuvo que el pa\u00eds necesita un Ministerio P\u00fablico liderado por un fiscal de la Naci\u00f3n libre de cualquier duda o cuestionamiento.<\/span><\/p>\n<p><span style=\"color: #000000;\">\u201cEso no est\u00e1 ocurriendo con el fiscal (Pedro) Ch\u00e1varry, hay cuestionamientos y por eso pedimos tambi\u00e9n el paso al costado\u201d, se\u00f1al\u00f3 el jefe del Estado.<\/span><\/p>\n<p><span style=\"color: #000000;\">\u201cNecesitamos que todas las instituciones tengan la confianza suficiente para acometer esta lucha contra la corrupci\u00f3n que estamos haciendo todos los peruanos\u201d, dijo.<\/span><\/p>\n<p><span style=\"color: #000000;\">De acuerdo con el mandatario, el caso del fiscal de la Naci\u00f3n merece la atenci\u00f3n de todos los peruanos y se requiere ser absolutamente claros en ello.<\/span><\/p>\n<p><span style=\"color: #000000;\">\u201cHemos visto que al interior del propio Ministerio P\u00fablico tiene serios cuestionamientos, los fiscales que conocen el funcionamiento interno ponen objeciones y han pedido un paso al costado\u201d, apunt\u00f3 Vizcarra.<\/span><\/p>\n<p><span style=\"color: #000000;\">Si eso ocurre, advirti\u00f3, es porque hay un tema delicado.<\/span><\/p>\n<p><span style=\"color: #000000;\">El jefe del Estado record\u00f3 que si se quiere lograr transparencia en la toma de decisiones resulta necesario tener instituciones confiables.<\/span><\/p>\n<p><span style=\"color: #000000;\">\u201cUn Congreso que se porte a la altura de las circunstancias, un Poder Judicial que haga lo propio y un poder Ejecutivo en el que yo asumo la responsabilidad de la lucha contra la corrupci\u00f3n. Y un Ministerio P\u00fablico liderado por un fiscal libre de cualquier duda\u201d, insisti\u00f3.<\/span><\/p>\n<p><span style=\"color: #000000;\">Vizcarra brind\u00f3 estas declaraciones a la prensa, tras inspeccionar esta ma\u00f1ana los trabajos de mejoramiento de la instituci\u00f3n educativa Santa Isabel de Huancayo, en la regi\u00f3n Jun\u00edn.<\/span><\/p>\n","protected":false},"excerpt":{"rendered":"<p>El presidente Mart\u00edn Vizcarra sostuvo que el pa\u00eds necesita un Ministerio P\u00fablico liderado por un fiscal de la Naci\u00f3n libre de cualquier duda o cuestionamiento. Huancayo, 02 de Octubre 2018, (ANDINA).- El presidente Mart\u00edn Vizcarra sostuvo que el pa\u00eds necesita un Ministerio P\u00fablico liderado por un fiscal de la Naci\u00f3n libre de cualquier duda o [&hellip;]<\/p>\n","protected":false},"author":1,"featured_media":24114,"comment_status":"open","ping_status":"open","sticky":false,"template":"","format":"standard","meta":{"rop_custom_images_group":[],"rop_custom_messages_group":[],"rop_publish_now":"initial","rop_publish_now_accounts":[],"rop_publish_now_history":[],"rop_publish_now_status":"pending","footnotes":""},"categories":[5],"tags":[289,370,3209],"class_list":["post-34286","post","type-post","status-publish","format-standard","has-post-thumbnail","hentry","category-actualidad-informativa","tag-martin-vizcarra","tag-ministerio-publico","tag-pedro-chavarry"],"_links":{"self":[{"href":"https:\/\/elinformanteperu.com\/index.php\/wp-json\/wp\/v2\/posts\/34286","targetHints":{"allow":["GET"]}}],"collection":[{"href":"https:\/\/elinformanteperu.com\/index.php\/wp-json\/wp\/v2\/posts"}],"about":[{"href":"https:\/\/elinformanteperu.com\/index.php\/wp-json\/wp\/v2\/types\/post"}],"author":[{"embeddable":true,"href":"https:\/\/elinformanteperu.com\/index.php\/wp-json\/wp\/v2\/users\/1"}],"replies":[{"embeddable":true,"href":"https:\/\/elinformanteperu.com\/index.php\/wp-json\/wp\/v2\/comments?post=34286"}],"version-history":[{"count":1,"href":"https:\/\/elinformanteperu.com\/index.php\/wp-json\/wp\/v2\/posts\/34286\/revisions"}],"predecessor-version":[{"id":34288,"href":"https:\/\/elinformanteperu.com\/index.php\/wp-json\/wp\/v2\/posts\/34286\/revisions\/34288"}],"wp:featuredmedia":[{"embeddable":true,"href":"https:\/\/elinformanteperu.com\/index.php\/wp-json\/wp\/v2\/media\/24114"}],"wp:attachment":[{"href":"https:\/\/elinformanteperu.com\/index.php\/wp-json\/wp\/v2\/media?parent=34286"}],"wp:term":[{"taxonomy":"category","embeddable":true,"href":"https:\/\/elinformanteperu.com\/index.php\/wp-json\/wp\/v2\/categories?post=34286"},{"taxonomy":"post_tag","embeddable":true,"href":"https:\/\/elinformanteperu.com\/index.php\/wp-json\/wp\/v2\/tags?post=34286"}],"curies":[{"name":"wp","href":"https:\/\/api.w.org\/{rel}","templated":true}]}}