{"id":34279,"date":"2018-10-02T21:06:26","date_gmt":"2018-10-03T02:06:26","guid":{"rendered":"http:\/\/elinformanteperu.com\/?p=34279"},"modified":"2018-10-02T21:06:26","modified_gmt":"2018-10-03T02:06:26","slug":"urresti-asegura-no-tener-sentencia-firme-que-lo-saque-de-carrera","status":"publish","type":"post","link":"https:\/\/elinformanteperu.com\/index.php\/2018\/10\/02\/urresti-asegura-no-tener-sentencia-firme-que-lo-saque-de-carrera\/","title":{"rendered":"Urresti asegura no tener sentencia firme que lo saque de carrera"},"content":{"rendered":"<p><strong><span style=\"color: #000000;\">El candidato a la alcald\u00eda de Lima por Podemos Per\u00fa, Daniel Urresti, asegur\u00f3 no tener una sentencia firme que lo deje fuera de carrera electoral.<\/span><\/strong><\/p>\n<p><span style=\"color: #000000;\"><strong>Lima, 02 de Octubre 2018, (ANDINA).-<\/strong> El candidato a la alcald\u00eda de Lima por Podemos Per\u00fa, Daniel Urresti, asegur\u00f3 no tener una sentencia firme que lo deje fuera de carrera a pocos d\u00edas de las elecciones regionales y municipales del 7 de octubre.<\/span><\/p>\n<p><span style=\"color: #000000;\">Seg\u00fan explic\u00f3 a la prensa, la mencionada sentencia no se encuentra firme porque present\u00f3 un recurso ante la Corte Suprema.<\/span><\/p>\n<p><span style=\"color: #000000;\">\u201cLas resoluciones del Jurado Nacional de Elecciones dicen que mientras haya recursos presentados por el acusado, la sentencia no est\u00e1 firme y puede seguir postulando, hay innumerables pronunciamientos, espero que hoy o ma\u00f1ana se pronuncie de la misma manera\u201d, se\u00f1al\u00f3.<\/span><\/p>\n<p><span style=\"color: #000000;\">En su opini\u00f3n, \u201cno es coincidencia\u201d que a estas alturas del proceso electoral salgan a la luz denuncias de este tipo, a fin de impedir su candidatura.<\/span><\/p>\n<p><span style=\"color: #000000;\">Urresti dijo que quien denunci\u00f3 lo de su supuesta sentencia firme es una persona que ha formulado denuncias en su contra hasta en dos oportunidades anteriores y que milita en un partido pol\u00edtico.<\/span><\/p>\n<p><span style=\"color: #000000;\">No obstante, enfatiz\u00f3 que \u201cno hay temor ni riesgo\u201d y que seguir\u00e1 con su candidatura.<\/span><\/p>\n<p><span style=\"color: #000000;\">\u201cEl JNE no puede pronunciarse en contra de lo que ellos mismos han marcado como jurisprudencia innumerables veces. Eso no va a proceder\u201d, insisti\u00f3.<\/span><\/p>\n<p><span style=\"color: #000000;\">Para el candidato de Podemos Per\u00fa, habr\u00eda inter\u00e9s en \u201cmantener el statu quo\u201d por parte de \u201cgrupos de poder\u201d que no quieren verlo en la alcald\u00eda de Lima.<\/span><\/p>\n<p><span style=\"color: #000000;\">\u201cEllos son los que deciden qu\u00e9 obra se hace, en qu\u00e9 se gasta la plata de la municipalidad, c\u00f3mo se corrompe funcionarios. Ellos saben que yo soy inmanejable\u201d, a\u00f1adi\u00f3.<\/span><\/p>\n","protected":false},"excerpt":{"rendered":"<p>El candidato a la alcald\u00eda de Lima por Podemos Per\u00fa, Daniel Urresti, asegur\u00f3 no tener una sentencia firme que lo deje fuera de carrera electoral. Lima, 02 de Octubre 2018, (ANDINA).- El candidato a la alcald\u00eda de Lima por Podemos Per\u00fa, Daniel Urresti, asegur\u00f3 no tener una sentencia firme que lo deje fuera de carrera [&hellip;]<\/p>\n","protected":false},"author":1,"featured_media":24608,"comment_status":"open","ping_status":"open","sticky":false,"template":"","format":"standard","meta":{"rop_custom_images_group":[],"rop_custom_messages_group":[],"rop_publish_now":"initial","rop_publish_now_accounts":[],"rop_publish_now_history":[],"rop_publish_now_status":"pending","footnotes":""},"categories":[5],"tags":[2951,1537,2953],"class_list":["post-34279","post","type-post","status-publish","format-standard","has-post-thumbnail","hentry","category-actualidad-informativa","tag-daniel-urresti","tag-elecciones-municipales-2018","tag-podemos-peru"],"_links":{"self":[{"href":"https:\/\/elinformanteperu.com\/index.php\/wp-json\/wp\/v2\/posts\/34279","targetHints":{"allow":["GET"]}}],"collection":[{"href":"https:\/\/elinformanteperu.com\/index.php\/wp-json\/wp\/v2\/posts"}],"about":[{"href":"https:\/\/elinformanteperu.com\/index.php\/wp-json\/wp\/v2\/types\/post"}],"author":[{"embeddable":true,"href":"https:\/\/elinformanteperu.com\/index.php\/wp-json\/wp\/v2\/users\/1"}],"replies":[{"embeddable":true,"href":"https:\/\/elinformanteperu.com\/index.php\/wp-json\/wp\/v2\/comments?post=34279"}],"version-history":[{"count":1,"href":"https:\/\/elinformanteperu.com\/index.php\/wp-json\/wp\/v2\/posts\/34279\/revisions"}],"predecessor-version":[{"id":34281,"href":"https:\/\/elinformanteperu.com\/index.php\/wp-json\/wp\/v2\/posts\/34279\/revisions\/34281"}],"wp:featuredmedia":[{"embeddable":true,"href":"https:\/\/elinformanteperu.com\/index.php\/wp-json\/wp\/v2\/media\/24608"}],"wp:attachment":[{"href":"https:\/\/elinformanteperu.com\/index.php\/wp-json\/wp\/v2\/media?parent=34279"}],"wp:term":[{"taxonomy":"category","embeddable":true,"href":"https:\/\/elinformanteperu.com\/index.php\/wp-json\/wp\/v2\/categories?post=34279"},{"taxonomy":"post_tag","embeddable":true,"href":"https:\/\/elinformanteperu.com\/index.php\/wp-json\/wp\/v2\/tags?post=34279"}],"curies":[{"name":"wp","href":"https:\/\/api.w.org\/{rel}","templated":true}]}}