{"id":3423,"date":"2016-12-28T13:34:40","date_gmt":"2016-12-28T18:34:40","guid":{"rendered":"http:\/\/elinformanteperu.com\/?p=3423"},"modified":"2016-12-28T13:34:40","modified_gmt":"2016-12-28T18:34:40","slug":"carlos-vives-presenta-su-nuevo-dvdcd-carlos-vives-amigos-desde-el-estadio-el-campin-de-bogota","status":"publish","type":"post","link":"https:\/\/elinformanteperu.com\/index.php\/2016\/12\/28\/carlos-vives-presenta-su-nuevo-dvdcd-carlos-vives-amigos-desde-el-estadio-el-campin-de-bogota\/","title":{"rendered":"Carlos Vives presenta su nuevo DVD+CD Carlos Vives + Amigos desde el estadio El Camp\u00edn de Bogot\u00e1"},"content":{"rendered":"<p><strong>Fue lanzado el DVD+CD, Carlos Vives + Amigos, desde el Estadio; El Camp\u00edn de Bogot\u00e1, un concierto donde el cantante colombiano\u00a0hizo palpitar la ciudad de Bogot\u00e1.<\/strong><\/p>\n<p><strong>Lima, 28 Diciembre 2016, (El Informante Per\u00fa).-<\/strong> El DVD+CD Carlos Vives + Amigos, desde el Estadio El Camp\u00edn De Bogot\u00e1 muestra con un gran despliegue de producci\u00f3n no solo la complejidad que conlleva el hacer un show de tan grandes magnitudes, sino tambi\u00e9n la fuerza con la que se unen algunos de los artistas m\u00e1s representativos en la actualidad para darle vida a un sue\u00f1o.<\/p>\n<p>Este proyecto retrata y enaltece los ritmos en la capital del pa\u00eds interpretada por Carlos Vives y los patrones musicales que componen cada una de las regiones que representan artistas como Fonseca, Fanny Lu, Gusi, Herencia de Timbiqu\u00ed, ChocQuibTown, Maluma, Michel Tel\u00f3, Wisin &amp; Daddy Yankee, Cholo Valderrama y Jorge Hyman de Coral Group.<\/p>\n<p>\u00abM\u00e1s + Coraz\u00f3n Profundo Tour\u00bb se llev\u00f3 a cabo el 13 de agosto de 2015 bajo el nombre de \u00abCarlos Vives y Sus Amigos\u00bb. Daddy Yankee, Wisin, Michel Tel\u00f3, m\u00e1s una n\u00f3mina de estrellas colombianas, lo acompa\u00f1aron en un concierto hist\u00f3rico y sublime, donde cada fibra del cuerpo hizo que el p\u00fablico enardeciera de amor a todo un pa\u00eds.<\/p>\n<p>Este magno evento cont\u00f3 con un despliegue tecnol\u00f3gico y de escenario nunca antes visto en Colombia, una tarima de 75 metros de ancho por 16 metros de profundidad, la m\u00e1s grande que jam\u00e1s se haya visto en el Estadio El Camp\u00edn de Bogot\u00e1.<\/p>\n<p>En materia de iluminaci\u00f3n 360 luces inteligentes con 4 toneladas de pantallas de led y 40 kil\u00f3metros de cable de iluminaci\u00f3n completaron este espect\u00e1culo alucinante!.<\/p>\n<p><img fetchpriority=\"high\" decoding=\"async\" class=\"size-full wp-image-3425 aligncenter\" src=\"http:\/\/elinformanteperu.com\/wp-content\/uploads\/2016\/12\/carlos-vives-concierto1.png\" alt=\"\" width=\"550\" height=\"365\" srcset=\"https:\/\/elinformanteperu.com\/wp-content\/uploads\/2016\/12\/carlos-vives-concierto1.png 550w, https:\/\/elinformanteperu.com\/wp-content\/uploads\/2016\/12\/carlos-vives-concierto1-300x199.png 300w, https:\/\/elinformanteperu.com\/wp-content\/uploads\/2016\/12\/carlos-vives-concierto1-128x85.png 128w, https:\/\/elinformanteperu.com\/wp-content\/uploads\/2016\/12\/carlos-vives-concierto1-32x21.png 32w\" sizes=\"(max-width: 550px) 100vw, 550px\" \/>A las 9 de la noche cuando son\u00f3 el primer acorde. Un gran coraz\u00f3n rojo que colgaba frente a la tarima se ilumin\u00f3 y empez\u00f3 a subir lentamente bajo la euforia de miles de fan\u00e1ticos que expectantes esperaban a Carlos Vives. Desde el camerino, salt\u00f3 para iniciar el show con \u00abCoraz\u00f3n Profundo\u00bb, tema que le da nombre a su gira de conciertos en el mundo.<\/p>\n<p>\u00abBuenas noches, querida Bogot\u00e1. Hoy celebramos la felicidad de volvernos a encontrar\u00bb, grit\u00f3 y de inmediato una algarab\u00eda retumb\u00f3 en el m\u00e1ximo escenario capitalino con \u00abMil canciones\u00bb, \u00abPa\u00b4 Mayt\u00e9\u00bb y un peque\u00f1o repaso de los Cl\u00e1sicos de La Provincia, calent\u00f3 motores y le dio la bienvenida a Maluma. El pretty boy, interpret\u00f3 \u00abLa temperatura\u00bb ante el delirio de las fans y luego los dos cantaron \u00abElla es mi fiesta\u00bb.<\/p>\n<p>El turno siguiente fue para Goyo, Tostao y Show. \u00abCon esto nos paga el Choc\u00f3\u00bb, dijo Carlos y apareci\u00f3 Chocquibtown elev\u00e1ndose en el escenario. Al fondo sonaba \u00abCuando te veo\u00bb, canci\u00f3n que coreaba todo el estadio. En ese instante los balones de f\u00fatbol aparecieron. Carlos y Tostao los lanzaban. Se despidieron del enardecido p\u00fablico luego de entonar \u00abEl mar de sus ojos\u00bb y \u00abLa fant\u00e1stica\u00bb.<\/p>\n<p>El momento de mayor emotividad se produjo al ver a Maluma, Fanny Lu, Fonseca, Coral Group, Cholo Valderrama y Herencia de Timbiqu\u00ed. Ellos mostraron la diversidad del talento nacional y se unieron d\u00e1ndole vida a una de las versiones m\u00e1s bellas de \u00abLa tierra del olvido\u00bb. Gracias a los fuegos artificiales y a la lluvia de estrellas que brillaban con sus \u00e9xitos, la noche tom\u00f3 el color perfecto para recibir a Gusi, con quien interpret\u00f3 \u00abEl rock de mi pueblo\u00bb<\/p>\n<p>Desde Brasil, hizo su aparici\u00f3n Michel Tel\u00f3, con su \u00abAi se eu te pego\u00bb. Visiblemente emocionado le agradeci\u00f3 a Carlos la invitaci\u00f3n, entonaron a d\u00fao \u00abComo le gusta a tu cuerpo\u00bb y la versi\u00f3n en portugu\u00e9s de \u00abEl amor de mi tierra\u00bb.<\/p>\n<p>Era tiempo de que llegara el reggaet\u00f3n. Wisin y Daddy Yankee demostraron por qu\u00e9 son dos de los m\u00e1s destacados exponentes del g\u00e9nero y con \u00abNota de amor\u00bb le pusieron la cereza que le faltaba al gran postre.<\/p>\n<p>El tel\u00f3n de un concierto hist\u00f3rico se cerr\u00f3 con \u00abCarito\u00bb. \u00abNo soy un juglar, nuestra m\u00fasica est\u00e1 inspirada en los juglares\u00bb, expres\u00f3 el samario.<\/p>\n<p>Carlos Vives se inspiro e hizo so\u00f1ar con el \u00abM\u00e1s + Coraz\u00f3n Profundo Tour\u00bb y le cumpli\u00f3 al p\u00fablico en una noche inolvidable en la que cant\u00f3 para sus mejores y fieles seguidores, ellos! los 40 mil amigos que reuni\u00f3 en El Camp\u00edn de Bogot\u00e1, y que ahora forman parte de la !Historia!.<\/p>\n<p><img decoding=\"async\" class=\"size-full wp-image-3426 alignnone\" src=\"http:\/\/elinformanteperu.com\/wp-content\/uploads\/2016\/12\/carlos-vives-concierto3.png\" alt=\"\" width=\"550\" height=\"365\" srcset=\"https:\/\/elinformanteperu.com\/wp-content\/uploads\/2016\/12\/carlos-vives-concierto3.png 550w, https:\/\/elinformanteperu.com\/wp-content\/uploads\/2016\/12\/carlos-vives-concierto3-300x199.png 300w, https:\/\/elinformanteperu.com\/wp-content\/uploads\/2016\/12\/carlos-vives-concierto3-128x85.png 128w, https:\/\/elinformanteperu.com\/wp-content\/uploads\/2016\/12\/carlos-vives-concierto3-32x21.png 32w\" sizes=\"(max-width: 550px) 100vw, 550px\" \/><\/p>\n","protected":false},"excerpt":{"rendered":"<p>Fue lanzado el DVD+CD, Carlos Vives + Amigos, desde el Estadio; El Camp\u00edn de Bogot\u00e1, un concierto donde el cantante colombiano\u00a0hizo palpitar la ciudad de Bogot\u00e1. Lima, 28 Diciembre 2016, (El Informante Per\u00fa).- El DVD+CD Carlos Vives + Amigos, desde el Estadio El Camp\u00edn De Bogot\u00e1 muestra con un gran despliegue de producci\u00f3n no solo [&hellip;]<\/p>\n","protected":false},"author":1,"featured_media":3424,"comment_status":"open","ping_status":"open","sticky":false,"template":"","format":"standard","meta":{"rop_custom_images_group":[],"rop_custom_messages_group":[],"rop_publish_now":"initial","rop_publish_now_accounts":[],"rop_publish_now_history":[],"rop_publish_now_status":"pending","footnotes":""},"categories":[69],"tags":[221],"class_list":["post-3423","post","type-post","status-publish","format-standard","has-post-thumbnail","hentry","category-musica","tag-carlos-vives"],"_links":{"self":[{"href":"https:\/\/elinformanteperu.com\/index.php\/wp-json\/wp\/v2\/posts\/3423","targetHints":{"allow":["GET"]}}],"collection":[{"href":"https:\/\/elinformanteperu.com\/index.php\/wp-json\/wp\/v2\/posts"}],"about":[{"href":"https:\/\/elinformanteperu.com\/index.php\/wp-json\/wp\/v2\/types\/post"}],"author":[{"embeddable":true,"href":"https:\/\/elinformanteperu.com\/index.php\/wp-json\/wp\/v2\/users\/1"}],"replies":[{"embeddable":true,"href":"https:\/\/elinformanteperu.com\/index.php\/wp-json\/wp\/v2\/comments?post=3423"}],"version-history":[{"count":1,"href":"https:\/\/elinformanteperu.com\/index.php\/wp-json\/wp\/v2\/posts\/3423\/revisions"}],"predecessor-version":[{"id":3427,"href":"https:\/\/elinformanteperu.com\/index.php\/wp-json\/wp\/v2\/posts\/3423\/revisions\/3427"}],"wp:featuredmedia":[{"embeddable":true,"href":"https:\/\/elinformanteperu.com\/index.php\/wp-json\/wp\/v2\/media\/3424"}],"wp:attachment":[{"href":"https:\/\/elinformanteperu.com\/index.php\/wp-json\/wp\/v2\/media?parent=3423"}],"wp:term":[{"taxonomy":"category","embeddable":true,"href":"https:\/\/elinformanteperu.com\/index.php\/wp-json\/wp\/v2\/categories?post=3423"},{"taxonomy":"post_tag","embeddable":true,"href":"https:\/\/elinformanteperu.com\/index.php\/wp-json\/wp\/v2\/tags?post=3423"}],"curies":[{"name":"wp","href":"https:\/\/api.w.org\/{rel}","templated":true}]}}