{"id":34186,"date":"2018-10-01T23:02:40","date_gmt":"2018-10-02T04:02:40","guid":{"rendered":"http:\/\/elinformanteperu.com\/?p=34186"},"modified":"2018-10-01T23:02:40","modified_gmt":"2018-10-02T04:02:40","slug":"el-fallecimiento-de-charles-aznavour-una-perdida-inmensa-para-francia","status":"publish","type":"post","link":"https:\/\/elinformanteperu.com\/index.php\/2018\/10\/01\/el-fallecimiento-de-charles-aznavour-una-perdida-inmensa-para-francia\/","title":{"rendered":"El fallecimiento de Charles Aznavour, una p\u00e9rdida inmensa para Francia"},"content":{"rendered":"<p><strong><span style=\"color: #000000;\">El legendario cantante Charles Aznavour muri\u00f3 a los 94 a\u00f1os de edad en el sur de Francia y su partida gener\u00f3 &#8216;una p\u00e9rdida inmensa&#8217;.<\/span><\/strong><\/p>\n<p><span style=\"color: #000000;\"><strong>Par\u00eds, 01 de Octubre 2018, (PL).-<\/strong> El legendario cantante Charles Aznavour muri\u00f3 a los 94 a\u00f1os de edad en el sur de Francia y su partida gener\u00f3 una vor\u00e1gine de reacciones de dolor ante lo que muchos consideran &#8216;una p\u00e9rdida inmensa&#8217;.<\/span><\/p>\n<p><span style=\"color: #000000;\">Reconocido como una de las voces m\u00e1s representativas de la naci\u00f3n gala y &#8216;el embajador de la canci\u00f3n francesa&#8217;, el tambi\u00e9n compositor y actor de origen armenio se manten\u00eda activo y acababa de regresar de una gira en Jap\u00f3n.<\/span><\/p>\n<p><span style=\"color: #000000;\">Pol\u00edticos, artistas, personalidades y numerosos franceses manifestaron en las \u00faltimas horas la tristeza ante la partida de Aznavour, int\u00e9rprete de canciones emblem\u00e1ticas como La Boheme, For me formidable, y Venecia sin ti.<\/span><\/p>\n<p><span style=\"color: #000000;\">En su cuenta de la red social Twitter, el expresidente Fran\u00e7ois Hollande public\u00f3: &#8216;\u00e9l cant\u00f3 en todas las ciudades del mundo, por el amor y por la libertad. Charles Aznavour acaba de decir adi\u00f3s, pero estar\u00e1 siempre sobre la escena&#8217;.<\/span><\/p>\n<p><span style=\"color: #000000;\">La cantante Line Renaud declar\u00f3 que &#8216;\u00e9l escribi\u00f3 las m\u00e1s bellas canciones de amor&#8217;, el artista Benjamin Biolay lo calific\u00f3 de &#8216;un gu\u00eda, un maestro&#8217;, y numerosos colegas de profesi\u00f3n resaltaron que su m\u00fasica trascendi\u00f3 idiomas y fronteras.<\/span><\/p>\n<p><span style=\"color: #000000;\">La alcaldesa de Par\u00eds, Anne Hidalgo, se declar\u00f3 inmensamente triste por la partida de Aznavour, &#8216;un parisino convertido en un verdadero \u00edcono de la canci\u00f3n francesa y un embajador apasionado de Armenia en el mundo&#8217;.<\/span><\/p>\n<p><span style=\"color: #000000;\">Asimismo, anunci\u00f3 que propondr\u00e1 ponerle su nombre a alg\u00fan lugar de la capital gala para rendirle un homenaje perenne.<\/span><\/p>\n<p><span style=\"color: #000000;\">Aznavour naci\u00f3 en esta capital el 22 de mayo de 1924 en el seno de una familia de origen armenio, condici\u00f3n que siempre le enorgulleci\u00f3 y que marc\u00f3 su carrera art\u00edstica.<\/span><\/p>\n<p><span style=\"color: #000000;\">Aunque comenz\u00f3 a cantar muy joven, el \u00e9xito internacional le lleg\u00f3 en la d\u00e9cada de 1960 y desde entonces su fama no par\u00f3 de crecer en todo el mundo.<\/span><\/p>\n<p><span style=\"color: #000000;\">Durante su larga carrera y fruct\u00edfera, interpret\u00f3 m\u00e1s de mil 200 canciones en siete idiomas, ofreci\u00f3 espect\u00e1culos en 94 pa\u00edses y vendi\u00f3 m\u00e1s de 100 millones de discos en todo el mundo.<\/span><\/p>\n<p>https:\/\/youtu.be\/X9-Bg7Ied6k<\/p>\n","protected":false},"excerpt":{"rendered":"<p>El legendario cantante Charles Aznavour muri\u00f3 a los 94 a\u00f1os de edad en el sur de Francia y su partida gener\u00f3 &#8216;una p\u00e9rdida inmensa&#8217;. Par\u00eds, 01 de Octubre 2018, (PL).- El legendario cantante Charles Aznavour muri\u00f3 a los 94 a\u00f1os de edad en el sur de Francia y su partida gener\u00f3 una vor\u00e1gine de reacciones [&hellip;]<\/p>\n","protected":false},"author":1,"featured_media":34188,"comment_status":"open","ping_status":"open","sticky":false,"template":"","format":"standard","meta":{"rop_custom_images_group":[],"rop_custom_messages_group":[],"rop_publish_now":"initial","rop_publish_now_accounts":[],"rop_publish_now_history":[],"rop_publish_now_status":"pending","footnotes":""},"categories":[69],"tags":[2095],"class_list":["post-34186","post","type-post","status-publish","format-standard","has-post-thumbnail","hentry","category-musica","tag-charles-aznavour"],"_links":{"self":[{"href":"https:\/\/elinformanteperu.com\/index.php\/wp-json\/wp\/v2\/posts\/34186","targetHints":{"allow":["GET"]}}],"collection":[{"href":"https:\/\/elinformanteperu.com\/index.php\/wp-json\/wp\/v2\/posts"}],"about":[{"href":"https:\/\/elinformanteperu.com\/index.php\/wp-json\/wp\/v2\/types\/post"}],"author":[{"embeddable":true,"href":"https:\/\/elinformanteperu.com\/index.php\/wp-json\/wp\/v2\/users\/1"}],"replies":[{"embeddable":true,"href":"https:\/\/elinformanteperu.com\/index.php\/wp-json\/wp\/v2\/comments?post=34186"}],"version-history":[{"count":1,"href":"https:\/\/elinformanteperu.com\/index.php\/wp-json\/wp\/v2\/posts\/34186\/revisions"}],"predecessor-version":[{"id":34189,"href":"https:\/\/elinformanteperu.com\/index.php\/wp-json\/wp\/v2\/posts\/34186\/revisions\/34189"}],"wp:featuredmedia":[{"embeddable":true,"href":"https:\/\/elinformanteperu.com\/index.php\/wp-json\/wp\/v2\/media\/34188"}],"wp:attachment":[{"href":"https:\/\/elinformanteperu.com\/index.php\/wp-json\/wp\/v2\/media?parent=34186"}],"wp:term":[{"taxonomy":"category","embeddable":true,"href":"https:\/\/elinformanteperu.com\/index.php\/wp-json\/wp\/v2\/categories?post=34186"},{"taxonomy":"post_tag","embeddable":true,"href":"https:\/\/elinformanteperu.com\/index.php\/wp-json\/wp\/v2\/tags?post=34186"}],"curies":[{"name":"wp","href":"https:\/\/api.w.org\/{rel}","templated":true}]}}