{"id":34034,"date":"2018-09-27T21:20:12","date_gmt":"2018-09-28T02:20:12","guid":{"rendered":"http:\/\/elinformanteperu.com\/?p=34034"},"modified":"2018-09-27T21:20:12","modified_gmt":"2018-09-28T02:20:12","slug":"alemania-se-impone-a-turquia-y-organizara-la-eurocopa-2024","status":"publish","type":"post","link":"https:\/\/elinformanteperu.com\/index.php\/2018\/09\/27\/alemania-se-impone-a-turquia-y-organizara-la-eurocopa-2024\/","title":{"rendered":"Alemania se impone a Turqu\u00eda y organizar\u00e1 la Eurocopa 2024"},"content":{"rendered":"<p><strong><span style=\"color: #000000;\">La UEFA opt\u00f3 por la seguridad y eligi\u00f3 a Alemania para organizar la Eurocopa 2024 de f\u00fatbol, en detrimento de Turqu\u00eda, que fracas\u00f3 en su cuarto intento.<\/span><\/strong><\/p>\n<p><span style=\"color: #000000;\"><strong>Nyon, 27 de Setiembre 2018, (ANDINA).-<\/strong> La UEFA opt\u00f3 por la seguridad y eligi\u00f3 a Alemania para organizar la Eurocopa 2024 de f\u00fatbol, en detrimento de Turqu\u00eda, que fracas\u00f3 en su cuarto intento por albergar la competici\u00f3n continental.<\/span><\/p>\n<p><span style=\"color: #000000;\">Seg\u00fan la Federaci\u00f3n Alemana de F\u00fatbol, de los 17 miembros del comit\u00e9 ejecutivo de la UEFA autorizados a votar, 12 lo hicieron en favor de la candidatura germana y 4 de la turca, mientras que un miembro se abstuvo.<\/span><\/p>\n<p><span style=\"color: #000000;\">La UEFA no comunic\u00f3 oficialmente el resultado de la votaci\u00f3n.<\/span><\/p>\n<p><span style=\"color: #000000;\">Dos miembros del comit\u00e9 ejecutivo no tuvieron derecho al voto, Reinhard Grindel, presidente de la Federaci\u00f3n Alemana de F\u00fatbol, y Servet Yardimci, vicepresidente de la Federaci\u00f3n Turca.<\/span><\/p>\n<p><span style=\"color: #000000;\">\u00abQuiero agradecer al comit\u00e9 ejecutivo de la UEFA su confianza incre\u00edble\u00bb, se\u00f1al\u00f3 Grindel, tras la designaci\u00f3n de su pa\u00eds.<\/span><\/p>\n<p><span style=\"color: #000000;\">\u00abQueremos organizar una gran fiesta del f\u00fatbol y mostrar al mundo hasta qu\u00e9 punto nuestro pa\u00eds puede ser hospitalario\u00bb, a\u00f1adi\u00f3 Philippe Lahm, capit\u00e1n de la selecci\u00f3n alemana campeona del mundo en 2014 y que liderar\u00e1 el comit\u00e9 de organizaci\u00f3n.<\/span><\/p>\n<p><strong><span style=\"color: #000000;\">10 estadios ya construidos<\/span><\/strong><\/p>\n<p><span style=\"color: #000000;\">La Eurocopa 2024 reunir\u00e1 a 24 selecciones en 51 partidos disputados en diez estadios, entre ellos el Allianz Arena de M\u00fanich y el Estadio Ol\u00edmpico de Berl\u00edn.<\/span><\/p>\n<p><span style=\"color: #000000;\">La \u00faltima gran competici\u00f3n futbol\u00edstica organizada por Alemania fue el Mundial 2006. Alemania Occidental organiz\u00f3 la Eurocopa en 1988, antes de la reunificaci\u00f3n con Alemania Oriental en 1990.<\/span><\/p>\n<p><span style=\"color: #000000;\">Turqu\u00eda, por su parte, no pudo lograr la organizaci\u00f3n del torneo en su cuarto intento, tras ser batida por un voto contra Francia en 2010 por la edici\u00f3n de 2016.<\/span><\/p>\n<p><span style=\"color: #000000;\">Antes de la votaci\u00f3n, las dos candidaturas hicieron una \u00faltima presentaci\u00f3n ante el comit\u00e9 ejecutivo. Despu\u00e9s un resumen del informe de evaluaci\u00f3n fue presentado al gobierno de la UEFA, presidida por el esloveno Alexsander Ceferin.<\/span><\/p>\n<p><span style=\"color: #000000;\">En este documento de 42 p\u00e1ginas, publicado la semana pasada, la UEFA mostraba su satisfacci\u00f3n con la candidatura alemana, basada en la idea de que \u00abel f\u00fatbol puede unir a la sociedad\u00bb, con un dosier de \u00abalta calidad\u00bb.<\/span><\/p>\n<p><span style=\"color: #000000;\">Pero no fue suficiente para tranquilizar a las autoridades de la federaci\u00f3n, con miedo a las repercusiones que pod\u00eda tener la pol\u00e9mica nacida antes del Mundial, cuando dos internacionales germanos de origen turco, Mesut Ozil e Ilkay Gundogan, se fotografiaron con el presidente turco Recep Tayyip Erdogan.<\/span><\/p>\n<p><span style=\"color: #000000;\">Los dos jugadores recibieron muchas cr\u00edticas y Ozil anunci\u00f3 su salida de la selecci\u00f3n, se\u00f1alando que fue v\u00edctima \u00abde racismo y de una falta de respeto\u00bb. El esc\u00e1ndalo alcanz\u00f3 dimensiones pol\u00edticas y diplom\u00e1ticas.<\/span><\/p>\n<p><span style=\"color: #000000;\">Finalmente no fue suficiente para tumbar la opci\u00f3n germana ante una candidatura turca que planteaba muchos interrogantes.<\/span><\/p>\n<p><strong><span style=\"color: #000000;\">&#8216;Inquietud&#8217; sobre Turqu\u00eda<\/span><\/strong><\/p>\n<p><span style=\"color: #000000;\">\u00abLa ausencia de un plan de acci\u00f3n en el terreno de los derechos humanos provoca inquietudes\u00bb, se\u00f1al\u00f3 la UEFA en su informe sobre la candidatura turca, a\u00f1adiendo interrogantes sobre la degradaci\u00f3n de la situaci\u00f3n econ\u00f3mica del pa\u00eds.<\/span><\/p>\n<p><span style=\"color: #000000;\">Preguntado sobre qu\u00e9 marc\u00f3 la diferencia este jueves, el seleccionador alem\u00e1n Joachim Low respondi\u00f3: \u00abNo lo s\u00e9&#8230; El dosier turco tambi\u00e9n era bueno\u00bb.<\/span><\/p>\n<p><span style=\"color: #000000;\">\u00abLo hemos hecho lo mejor posible desde hace a\u00f1os para tener la oportunidad de organizar esta Eurocopa. Hemos visto el entusiasmo del p\u00fablico durante el Mundial 2006 y haremos todo por vivir lo mismo\u00bb, a\u00f1adi\u00f3 ante la prensa.<\/span><\/p>\n<p><span style=\"color: #000000;\">La delegaci\u00f3n turca no hizo valoraciones ante la prensa.<\/span><\/p>\n<p><span style=\"color: #000000;\">A la televisi\u00f3n turca, el ministro de Deportes Muharrem Kasapoglu estim\u00f3 que \u00abhubiera sido positivo poder organizar este evento en nuestro pa\u00eds, pero nuestro pa\u00eds no ha perdido nada\u00bb.<\/span><\/p>\n<p><span style=\"color: #000000;\">La pr\u00f3xima Eurocopa se disputar\u00e1 en 2020 en 12 pa\u00edses. El \u00faltimo campe\u00f3n fue Portugal, en Francia-2016.<\/span><\/p>\n<p><img fetchpriority=\"high\" decoding=\"async\" class=\"aligncenter size-full wp-image-29130\" src=\"http:\/\/elinformanteperu.com\/wp-content\/uploads\/2018\/06\/alemania-suecia-toni-kroos.jpg\" alt=\"\" width=\"1800\" height=\"1201\" srcset=\"https:\/\/elinformanteperu.com\/wp-content\/uploads\/2018\/06\/alemania-suecia-toni-kroos.jpg 1800w, https:\/\/elinformanteperu.com\/wp-content\/uploads\/2018\/06\/alemania-suecia-toni-kroos-300x200.jpg 300w, https:\/\/elinformanteperu.com\/wp-content\/uploads\/2018\/06\/alemania-suecia-toni-kroos-768x512.jpg 768w, https:\/\/elinformanteperu.com\/wp-content\/uploads\/2018\/06\/alemania-suecia-toni-kroos-1024x683.jpg 1024w, https:\/\/elinformanteperu.com\/wp-content\/uploads\/2018\/06\/alemania-suecia-toni-kroos-128x85.jpg 128w, https:\/\/elinformanteperu.com\/wp-content\/uploads\/2018\/06\/alemania-suecia-toni-kroos-32x21.jpg 32w\" sizes=\"(max-width: 1800px) 100vw, 1800px\" \/><\/p>\n","protected":false},"excerpt":{"rendered":"<p>La UEFA opt\u00f3 por la seguridad y eligi\u00f3 a Alemania para organizar la Eurocopa 2024 de f\u00fatbol, en detrimento de Turqu\u00eda, que fracas\u00f3 en su cuarto intento. Nyon, 27 de Setiembre 2018, (ANDINA).- La UEFA opt\u00f3 por la seguridad y eligi\u00f3 a Alemania para organizar la Eurocopa 2024 de f\u00fatbol, en detrimento de Turqu\u00eda, que [&hellip;]<\/p>\n","protected":false},"author":1,"featured_media":34036,"comment_status":"open","ping_status":"open","sticky":false,"template":"","format":"standard","meta":{"rop_custom_images_group":[],"rop_custom_messages_group":[],"rop_publish_now":"initial","rop_publish_now_accounts":[],"rop_publish_now_history":[],"rop_publish_now_status":"pending","footnotes":""},"categories":[8],"tags":[350,3045,3612],"class_list":["post-34034","post","type-post","status-publish","format-standard","has-post-thumbnail","hentry","category-disciplinas-deportivas","tag-alemania","tag-eurocopa-2024","tag-uefa"],"_links":{"self":[{"href":"https:\/\/elinformanteperu.com\/index.php\/wp-json\/wp\/v2\/posts\/34034","targetHints":{"allow":["GET"]}}],"collection":[{"href":"https:\/\/elinformanteperu.com\/index.php\/wp-json\/wp\/v2\/posts"}],"about":[{"href":"https:\/\/elinformanteperu.com\/index.php\/wp-json\/wp\/v2\/types\/post"}],"author":[{"embeddable":true,"href":"https:\/\/elinformanteperu.com\/index.php\/wp-json\/wp\/v2\/users\/1"}],"replies":[{"embeddable":true,"href":"https:\/\/elinformanteperu.com\/index.php\/wp-json\/wp\/v2\/comments?post=34034"}],"version-history":[{"count":1,"href":"https:\/\/elinformanteperu.com\/index.php\/wp-json\/wp\/v2\/posts\/34034\/revisions"}],"predecessor-version":[{"id":34037,"href":"https:\/\/elinformanteperu.com\/index.php\/wp-json\/wp\/v2\/posts\/34034\/revisions\/34037"}],"wp:featuredmedia":[{"embeddable":true,"href":"https:\/\/elinformanteperu.com\/index.php\/wp-json\/wp\/v2\/media\/34036"}],"wp:attachment":[{"href":"https:\/\/elinformanteperu.com\/index.php\/wp-json\/wp\/v2\/media?parent=34034"}],"wp:term":[{"taxonomy":"category","embeddable":true,"href":"https:\/\/elinformanteperu.com\/index.php\/wp-json\/wp\/v2\/categories?post=34034"},{"taxonomy":"post_tag","embeddable":true,"href":"https:\/\/elinformanteperu.com\/index.php\/wp-json\/wp\/v2\/tags?post=34034"}],"curies":[{"name":"wp","href":"https:\/\/api.w.org\/{rel}","templated":true}]}}