{"id":33929,"date":"2018-09-26T20:25:14","date_gmt":"2018-09-27T01:25:14","guid":{"rendered":"http:\/\/elinformanteperu.com\/?p=33929"},"modified":"2018-09-26T20:25:14","modified_gmt":"2018-09-27T01:25:14","slug":"paolo-hurtado-marca-su-primer-gol-en-turquia","status":"publish","type":"post","link":"https:\/\/elinformanteperu.com\/index.php\/2018\/09\/26\/paolo-hurtado-marca-su-primer-gol-en-turquia\/","title":{"rendered":"Paolo Hurtado marca su primer gol en Turqu\u00eda"},"content":{"rendered":"<p><strong><span style=\"color: #000000;\">El peruano Paolo Hurtado marc\u00f3 su primer gol en la goleada del Konyaspor por 5-2 ante Yeni Amasyaspor por la segunda ronda de la Copa de Turqu\u00eda.<\/span><\/strong><\/p>\n<p><span style=\"color: #000000;\"><strong>Lima, 26 de Setiembre 2018, (ANDINA).-<\/strong> El peruano Paolo Hurtado marc\u00f3 su primer gol en la goleada del Konyaspor por 5-2 ante Yeni Amasyaspor por la segunda ronda de la Copa de Turqu\u00eda.<\/span><\/p>\n<p><span style=\"color: #000000;\">El tanto del mundialista peruano se produjo a los 45 minutos, tras concretar un r\u00e1pido contragolpe.<\/span><\/p>\n<p><span style=\"color: #000000;\">Paolo Hurtado, de 28 a\u00f1os, lleg\u00f3 al Konyaspor en los primeros d\u00edas de agosto, procedente del Vitoria Guimaraes de Portugal.<\/span><\/p>\n<p><span style=\"color: #000000;\">El futbolista peruano que particip\u00f3 en el Mundial Rusia 2018 inici\u00f3 su carrera en Alianza Lima de Per\u00fa, y milit\u00f3 en el Pacos Ferreira de Portugal, Reading de Inglaterra y el Pe\u00f1arol de Uruguay.<\/span><\/p>\n<p><img fetchpriority=\"high\" decoding=\"async\" class=\"aligncenter size-full wp-image-33932\" src=\"http:\/\/elinformanteperu.com\/wp-content\/uploads\/2018\/09\/paolo-hurtado-turquia1.jpg\" alt=\"\" width=\"1800\" height=\"1200\" srcset=\"https:\/\/elinformanteperu.com\/wp-content\/uploads\/2018\/09\/paolo-hurtado-turquia1.jpg 1800w, https:\/\/elinformanteperu.com\/wp-content\/uploads\/2018\/09\/paolo-hurtado-turquia1-300x200.jpg 300w, https:\/\/elinformanteperu.com\/wp-content\/uploads\/2018\/09\/paolo-hurtado-turquia1-768x512.jpg 768w, https:\/\/elinformanteperu.com\/wp-content\/uploads\/2018\/09\/paolo-hurtado-turquia1-1024x683.jpg 1024w, https:\/\/elinformanteperu.com\/wp-content\/uploads\/2018\/09\/paolo-hurtado-turquia1-128x85.jpg 128w, https:\/\/elinformanteperu.com\/wp-content\/uploads\/2018\/09\/paolo-hurtado-turquia1-32x21.jpg 32w\" sizes=\"(max-width: 1800px) 100vw, 1800px\" \/><\/p>\n","protected":false},"excerpt":{"rendered":"<p>El peruano Paolo Hurtado marc\u00f3 su primer gol en la goleada del Konyaspor por 5-2 ante Yeni Amasyaspor por la segunda ronda de la Copa de Turqu\u00eda. Lima, 26 de Setiembre 2018, (ANDINA).- El peruano Paolo Hurtado marc\u00f3 su primer gol en la goleada del Konyaspor por 5-2 ante Yeni Amasyaspor por la segunda ronda [&hellip;]<\/p>\n","protected":false},"author":1,"featured_media":33931,"comment_status":"open","ping_status":"open","sticky":false,"template":"","format":"standard","meta":{"rop_custom_images_group":[],"rop_custom_messages_group":[],"rop_publish_now":"initial","rop_publish_now_accounts":[],"rop_publish_now_history":[],"rop_publish_now_status":"pending","footnotes":""},"categories":[8],"tags":[1131],"class_list":["post-33929","post","type-post","status-publish","format-standard","has-post-thumbnail","hentry","category-disciplinas-deportivas","tag-paolo-hurtado"],"_links":{"self":[{"href":"https:\/\/elinformanteperu.com\/index.php\/wp-json\/wp\/v2\/posts\/33929","targetHints":{"allow":["GET"]}}],"collection":[{"href":"https:\/\/elinformanteperu.com\/index.php\/wp-json\/wp\/v2\/posts"}],"about":[{"href":"https:\/\/elinformanteperu.com\/index.php\/wp-json\/wp\/v2\/types\/post"}],"author":[{"embeddable":true,"href":"https:\/\/elinformanteperu.com\/index.php\/wp-json\/wp\/v2\/users\/1"}],"replies":[{"embeddable":true,"href":"https:\/\/elinformanteperu.com\/index.php\/wp-json\/wp\/v2\/comments?post=33929"}],"version-history":[{"count":1,"href":"https:\/\/elinformanteperu.com\/index.php\/wp-json\/wp\/v2\/posts\/33929\/revisions"}],"predecessor-version":[{"id":33933,"href":"https:\/\/elinformanteperu.com\/index.php\/wp-json\/wp\/v2\/posts\/33929\/revisions\/33933"}],"wp:featuredmedia":[{"embeddable":true,"href":"https:\/\/elinformanteperu.com\/index.php\/wp-json\/wp\/v2\/media\/33931"}],"wp:attachment":[{"href":"https:\/\/elinformanteperu.com\/index.php\/wp-json\/wp\/v2\/media?parent=33929"}],"wp:term":[{"taxonomy":"category","embeddable":true,"href":"https:\/\/elinformanteperu.com\/index.php\/wp-json\/wp\/v2\/categories?post=33929"},{"taxonomy":"post_tag","embeddable":true,"href":"https:\/\/elinformanteperu.com\/index.php\/wp-json\/wp\/v2\/tags?post=33929"}],"curies":[{"name":"wp","href":"https:\/\/api.w.org\/{rel}","templated":true}]}}