{"id":33921,"date":"2018-09-26T20:12:57","date_gmt":"2018-09-27T01:12:57","guid":{"rendered":"http:\/\/elinformanteperu.com\/?p=33921"},"modified":"2018-09-26T20:12:57","modified_gmt":"2018-09-27T01:12:57","slug":"peru-jugara-amistoso-contra-ecuador-el-15-de-noviembre-en-lima","status":"publish","type":"post","link":"https:\/\/elinformanteperu.com\/index.php\/2018\/09\/26\/peru-jugara-amistoso-contra-ecuador-el-15-de-noviembre-en-lima\/","title":{"rendered":"Per\u00fa jugar\u00e1 amistoso contra Ecuador el 15 de noviembre en Lima"},"content":{"rendered":"<p><strong><span style=\"color: #000000;\">La selecci\u00f3n de Per\u00fa recibir\u00e1 a su par de Ecuador el pr\u00f3ximo 15 de noviembre en Lima, en un partido amistoso en el marco de la fecha internacional FIFA.<\/span><\/strong><\/p>\n<p><span style=\"color: #000000;\"><strong>Lima, 26 de Setiembre 2018, (ANDINA).-<\/strong> La selecci\u00f3n de Per\u00fa recibir\u00e1 a su par de Ecuador el pr\u00f3ximo 15 de noviembre en Lima, en un partido amistoso en el marco de la fecha internacional FIFA, inform\u00f3 el martes la Federaci\u00f3n Peruana de F\u00fatbol (FPF).<\/span><\/p>\n<p><span style=\"color: #000000;\">\u00abLa FPF anuncia que la @SeleccionPeru jugar\u00e1 un encuentro amistoso con @FEFecuador este 15 de noviembre en Lima\u00bb, tuite\u00f3 la selecci\u00f3n peruana desde su cuenta oficial.<\/span><\/p>\n<p><span style=\"color: #000000;\">La selecci\u00f3n inca, que dirige el argentino Ricardo Gareca, tiene ya programados otros dos partidos amistosos en octubre contra Chile y Estados Unidos.<\/span><\/p>\n<p><span style=\"color: #000000;\">El duelo entre Per\u00fa y Chile, conocido como el &#8216;Cl\u00e1sico del Pac\u00edfico&#8217;, se jugar\u00e1 el 12 de octubre en el Hard Rock Stadium de Miami, Estados Unidos.<\/span><\/p>\n<p><span style=\"color: #000000;\">Per\u00fa tambi\u00e9n tiene previsto el 16 de octubre enfrentar en un amistoso a la selecci\u00f3n Estados Unidos en el Rentschler Field de Connecticut.<\/span><\/p>\n<p><span style=\"color: #000000;\">El seleccionado inca perdi\u00f3 ante Holanda y Alemania (2-1 en ambos casos), en los dos amistosos que jug\u00f3 tras su participaci\u00f3n en el Mundial Rusia 2018, un torneo al que volvi\u00f3 luego de 36 a\u00f1os.<\/span><\/p>\n<p><span style=\"color: #000000;\">Con los amistosos, Per\u00fa comienza su preparaci\u00f3n de cara a la Copa Am\u00e9rica de Brasil-2019 y al clasificatorio sudamericano al Mundial de Catar-2022, que arranca el a\u00f1o pr\u00f3ximo.<\/span><\/p>\n<p><img fetchpriority=\"high\" decoding=\"async\" class=\"aligncenter size-full wp-image-15430\" src=\"http:\/\/elinformanteperu.com\/wp-content\/uploads\/2017\/09\/peru-ecuador3.jpg\" alt=\"\" width=\"1800\" height=\"1212\" srcset=\"https:\/\/elinformanteperu.com\/wp-content\/uploads\/2017\/09\/peru-ecuador3.jpg 1800w, https:\/\/elinformanteperu.com\/wp-content\/uploads\/2017\/09\/peru-ecuador3-300x202.jpg 300w, https:\/\/elinformanteperu.com\/wp-content\/uploads\/2017\/09\/peru-ecuador3-768x517.jpg 768w, https:\/\/elinformanteperu.com\/wp-content\/uploads\/2017\/09\/peru-ecuador3-1024x689.jpg 1024w, https:\/\/elinformanteperu.com\/wp-content\/uploads\/2017\/09\/peru-ecuador3-128x86.jpg 128w, https:\/\/elinformanteperu.com\/wp-content\/uploads\/2017\/09\/peru-ecuador3-32x22.jpg 32w\" sizes=\"(max-width: 1800px) 100vw, 1800px\" \/><\/p>\n","protected":false},"excerpt":{"rendered":"<p>La selecci\u00f3n de Per\u00fa recibir\u00e1 a su par de Ecuador el pr\u00f3ximo 15 de noviembre en Lima, en un partido amistoso en el marco de la fecha internacional FIFA. Lima, 26 de Setiembre 2018, (ANDINA).- La selecci\u00f3n de Per\u00fa recibir\u00e1 a su par de Ecuador el pr\u00f3ximo 15 de noviembre en Lima, en un partido [&hellip;]<\/p>\n","protected":false},"author":1,"featured_media":15425,"comment_status":"open","ping_status":"open","sticky":false,"template":"","format":"standard","meta":{"rop_custom_images_group":[],"rop_custom_messages_group":[],"rop_publish_now":"initial","rop_publish_now_accounts":[],"rop_publish_now_history":[],"rop_publish_now_status":"pending","footnotes":""},"categories":[8],"tags":[204,92,137],"class_list":["post-33921","post","type-post","status-publish","format-standard","has-post-thumbnail","hentry","category-disciplinas-deportivas","tag-federacion-peruana-de-futbol","tag-ricardo-gareca","tag-seleccion-peruana"],"_links":{"self":[{"href":"https:\/\/elinformanteperu.com\/index.php\/wp-json\/wp\/v2\/posts\/33921","targetHints":{"allow":["GET"]}}],"collection":[{"href":"https:\/\/elinformanteperu.com\/index.php\/wp-json\/wp\/v2\/posts"}],"about":[{"href":"https:\/\/elinformanteperu.com\/index.php\/wp-json\/wp\/v2\/types\/post"}],"author":[{"embeddable":true,"href":"https:\/\/elinformanteperu.com\/index.php\/wp-json\/wp\/v2\/users\/1"}],"replies":[{"embeddable":true,"href":"https:\/\/elinformanteperu.com\/index.php\/wp-json\/wp\/v2\/comments?post=33921"}],"version-history":[{"count":1,"href":"https:\/\/elinformanteperu.com\/index.php\/wp-json\/wp\/v2\/posts\/33921\/revisions"}],"predecessor-version":[{"id":33923,"href":"https:\/\/elinformanteperu.com\/index.php\/wp-json\/wp\/v2\/posts\/33921\/revisions\/33923"}],"wp:featuredmedia":[{"embeddable":true,"href":"https:\/\/elinformanteperu.com\/index.php\/wp-json\/wp\/v2\/media\/15425"}],"wp:attachment":[{"href":"https:\/\/elinformanteperu.com\/index.php\/wp-json\/wp\/v2\/media?parent=33921"}],"wp:term":[{"taxonomy":"category","embeddable":true,"href":"https:\/\/elinformanteperu.com\/index.php\/wp-json\/wp\/v2\/categories?post=33921"},{"taxonomy":"post_tag","embeddable":true,"href":"https:\/\/elinformanteperu.com\/index.php\/wp-json\/wp\/v2\/tags?post=33921"}],"curies":[{"name":"wp","href":"https:\/\/api.w.org\/{rel}","templated":true}]}}