{"id":33913,"date":"2018-09-26T20:06:30","date_gmt":"2018-09-27T01:06:30","guid":{"rendered":"http:\/\/elinformanteperu.com\/?p=33913"},"modified":"2018-09-26T20:06:30","modified_gmt":"2018-09-27T01:06:30","slug":"peru-se-ubica-en-el-tercer-lugar-del-mundial-de-para-tiro-en-francia","status":"publish","type":"post","link":"https:\/\/elinformanteperu.com\/index.php\/2018\/09\/26\/peru-se-ubica-en-el-tercer-lugar-del-mundial-de-para-tiro-en-francia\/","title":{"rendered":"Per\u00fa se ubica en el tercer lugar del Mundial de Para Tiro en Francia"},"content":{"rendered":"<p><strong><span style=\"color: #000000;\">El equipo peruano integrado por Jorge Arcela Godoy, Steve Medina Cubas y Jes\u00fas R\u00edos Garc\u00eda consigui\u00f3 la medalla de bronce en el Campeonato Mundial de Para Tiro.<\/span><\/strong><\/p>\n<p><span style=\"color: #000000;\"><strong>Lima, 26 de Setiembre 2018, (ANDINA).-<\/strong> El equipo peruano integrado por Jorge Arcela Godoy, Steve Medina Cubas y Jes\u00fas R\u00edos Garc\u00eda consigui\u00f3 la medalla de bronce por equipos en el Campeonato Mundial de Para Tiro Ch\u00e2teauroux, celebrado en Francia.<\/span><\/p>\n<p><span style=\"color: #000000;\">Se trata de un d\u00eda hist\u00f3rico para el paradeporte nacional, ya que los competidores peruanos obtuvieron una presea en su primera participaci\u00f3n en un Mundial de este deporte.<\/span><\/p>\n<p><span style=\"color: #000000;\">Arcela, Medina y R\u00edos compitieron en la especialidad de rifle de aire a 10 metros. Asimismo, se enfrentaron a rivales de Taliandia, Ucrania, Espa\u00f1a, Dinamarca, Suecia, Polonia, Eslovaquia, Alemania, Irlanda, Serbia, Grecia, Emiratos \u00c1rabes Unidos, Corea del Sur, Francia, Turqu\u00eda y Australia.<\/span><\/p>\n<p><span style=\"color: #000000;\">La meta de los nacionales es buscar marcas que los confirmen para participar en los Juegos Parapanamericanos Lima 2019, que se llevar\u00e1n a cabo en nuestra capital entre el 23 de agosto y 1 de setiembre del pr\u00f3ximo a\u00f1o.<\/span><\/p>\n<p><span style=\"color: #000000;\">El Para Tiro es un deporte que se practica en dos modalidades: pistola (SH1) y rifle (SH1 y SH2). En pistola (SH1), los para atletas tienen discapacidad en los miembros superiores y\/o inferiores.<\/span><\/p>\n<p><span style=\"color: #000000;\">En rifle (SH1), la discapacidad alcanza s\u00f3lo a los miembros inferiores. En rifle (SH2), el para atleta tiene discapacidad en los miembros y requiere necesariamente un soporte para poder disparar.<\/span><\/p>\n<p><span style=\"color: #000000;\">En cuanto al campo de tiro, \u00e9ste no tiene caracter\u00edsticas especiales.<\/span><\/p>\n<p><span style=\"color: #000000;\">El Para Tiro es uno de los 17 deportes que se llevar\u00e1 a cabo en la gran cita internacional.<\/span><\/p>\n<p><img fetchpriority=\"high\" decoding=\"async\" class=\"aligncenter size-full wp-image-23119\" src=\"http:\/\/elinformanteperu.com\/wp-content\/uploads\/2018\/03\/IPD-Milco-junto-a-Santiago-Bazo-Mar\u00eda-Bel\u00e9n-Bazo-y-Ra\u00fal-Claux-1.jpg\" alt=\"\" width=\"800\" height=\"533\" srcset=\"https:\/\/elinformanteperu.com\/wp-content\/uploads\/2018\/03\/IPD-Milco-junto-a-Santiago-Bazo-Mar\u00eda-Bel\u00e9n-Bazo-y-Ra\u00fal-Claux-1.jpg 800w, https:\/\/elinformanteperu.com\/wp-content\/uploads\/2018\/03\/IPD-Milco-junto-a-Santiago-Bazo-Mar\u00eda-Bel\u00e9n-Bazo-y-Ra\u00fal-Claux-1-300x200.jpg 300w, https:\/\/elinformanteperu.com\/wp-content\/uploads\/2018\/03\/IPD-Milco-junto-a-Santiago-Bazo-Mar\u00eda-Bel\u00e9n-Bazo-y-Ra\u00fal-Claux-1-768x512.jpg 768w, https:\/\/elinformanteperu.com\/wp-content\/uploads\/2018\/03\/IPD-Milco-junto-a-Santiago-Bazo-Mar\u00eda-Bel\u00e9n-Bazo-y-Ra\u00fal-Claux-1-128x85.jpg 128w, https:\/\/elinformanteperu.com\/wp-content\/uploads\/2018\/03\/IPD-Milco-junto-a-Santiago-Bazo-Mar\u00eda-Bel\u00e9n-Bazo-y-Ra\u00fal-Claux-1-32x21.jpg 32w\" sizes=\"(max-width: 800px) 100vw, 800px\" \/><\/p>\n","protected":false},"excerpt":{"rendered":"<p>El equipo peruano integrado por Jorge Arcela Godoy, Steve Medina Cubas y Jes\u00fas R\u00edos Garc\u00eda consigui\u00f3 la medalla de bronce en el Campeonato Mundial de Para Tiro. Lima, 26 de Setiembre 2018, (ANDINA).- El equipo peruano integrado por Jorge Arcela Godoy, Steve Medina Cubas y Jes\u00fas R\u00edos Garc\u00eda consigui\u00f3 la medalla de bronce por equipos [&hellip;]<\/p>\n","protected":false},"author":1,"featured_media":33915,"comment_status":"open","ping_status":"open","sticky":false,"template":"","format":"standard","meta":{"rop_custom_images_group":[],"rop_custom_messages_group":[],"rop_publish_now":"initial","rop_publish_now_accounts":[],"rop_publish_now_history":[],"rop_publish_now_status":"pending","footnotes":""},"categories":[8],"tags":[2003],"class_list":["post-33913","post","type-post","status-publish","format-standard","has-post-thumbnail","hentry","category-disciplinas-deportivas","tag-parapanamericanos-lima-2019"],"_links":{"self":[{"href":"https:\/\/elinformanteperu.com\/index.php\/wp-json\/wp\/v2\/posts\/33913","targetHints":{"allow":["GET"]}}],"collection":[{"href":"https:\/\/elinformanteperu.com\/index.php\/wp-json\/wp\/v2\/posts"}],"about":[{"href":"https:\/\/elinformanteperu.com\/index.php\/wp-json\/wp\/v2\/types\/post"}],"author":[{"embeddable":true,"href":"https:\/\/elinformanteperu.com\/index.php\/wp-json\/wp\/v2\/users\/1"}],"replies":[{"embeddable":true,"href":"https:\/\/elinformanteperu.com\/index.php\/wp-json\/wp\/v2\/comments?post=33913"}],"version-history":[{"count":1,"href":"https:\/\/elinformanteperu.com\/index.php\/wp-json\/wp\/v2\/posts\/33913\/revisions"}],"predecessor-version":[{"id":33916,"href":"https:\/\/elinformanteperu.com\/index.php\/wp-json\/wp\/v2\/posts\/33913\/revisions\/33916"}],"wp:featuredmedia":[{"embeddable":true,"href":"https:\/\/elinformanteperu.com\/index.php\/wp-json\/wp\/v2\/media\/33915"}],"wp:attachment":[{"href":"https:\/\/elinformanteperu.com\/index.php\/wp-json\/wp\/v2\/media?parent=33913"}],"wp:term":[{"taxonomy":"category","embeddable":true,"href":"https:\/\/elinformanteperu.com\/index.php\/wp-json\/wp\/v2\/categories?post=33913"},{"taxonomy":"post_tag","embeddable":true,"href":"https:\/\/elinformanteperu.com\/index.php\/wp-json\/wp\/v2\/tags?post=33913"}],"curies":[{"name":"wp","href":"https:\/\/api.w.org\/{rel}","templated":true}]}}