{"id":33901,"date":"2018-09-26T19:43:33","date_gmt":"2018-09-27T00:43:33","guid":{"rendered":"http:\/\/elinformanteperu.com\/?p=33901"},"modified":"2018-09-26T19:43:33","modified_gmt":"2018-09-27T00:43:33","slug":"juliette-binoche-defiende-en-filme-vinculo-con-la-naturaleza","status":"publish","type":"post","link":"https:\/\/elinformanteperu.com\/index.php\/2018\/09\/26\/juliette-binoche-defiende-en-filme-vinculo-con-la-naturaleza\/","title":{"rendered":"Juliette Binoche defiende, en filme, v\u00ednculo con la naturaleza"},"content":{"rendered":"<p><strong><span style=\"color: #000000;\">La afamada actriz francesa Juliette Binoche reconoci\u00f3 en San Sebasti\u00e1n la necesidad que tienen las personas de establecer una conexi\u00f3n con la naturaleza.<\/span><\/strong><\/p>\n<p><span style=\"color: #000000;\"><strong>Madrid, 26 de Setiembre 2018, (PL).-<\/strong> La afamada actriz francesa Juliette Binoche reconoci\u00f3 durante una presentaci\u00f3n en el Festival de Cine de San Sebasti\u00e1n la necesidad que tienen hoy las personas de establecer una conexi\u00f3n con la naturaleza.<\/span><\/p>\n<p><span style=\"color: #000000;\">Al referirse a la pel\u00edcula Visi\u00f3n (t\u00edtulo original), de la cineasta japonesa Naomi Kawase, Binoche dijo que los seres humanos debemos mantener una interrelaci\u00f3n muy estrecha con el medio ambiente y con el yo interior de cada cual.<\/span><\/p>\n<p><span style=\"color: #000000;\">La actriz explic\u00f3 que el rodaje fue un proceso extenso, pues aunque exist\u00eda un gui\u00f3n bien elaborado, la realizadora nipona prefiere dejarlo abierto y ver c\u00f3mo suceden los hechos conforme dirige.<\/span><\/p>\n<p><span style=\"color: #000000;\">Ella va manejando el hilo de la trama, pero con mucha libertad, y no tiene l\u00edmites a la hora de dirigir actores, sobre todo me impresion\u00f3 su sinton\u00eda con la naturaleza y la manera de rodar sin hacer cortes, destac\u00f3 Binoche.<\/span><\/p>\n<p><span style=\"color: #000000;\">Me impresion\u00f3 la forma de trabajar de Kawase, sin convencionalismos, apunt\u00f3 la reconocida actriz de cintas como El paciente ingl\u00e9s (1996) o Mil veces buenas noches (2013).<\/span><\/p>\n<p><span style=\"color: #000000;\">Kawase es como un animal desliz\u00e1ndose por todo el set de rodaje y lamentamos que por motivos de salud no nos acompa\u00f1ara en la inauguraci\u00f3n de su pel\u00edcula, expres\u00f3 Binoche.<\/span><\/p>\n<p><span style=\"color: #000000;\">Respecto a la espiritualidad en la cinta, la artista explic\u00f3 que su personaje Jeanne viaja a Jap\u00f3n para encontrar una extra\u00f1a planta medicinal llamada Visi\u00f3n.<\/span><\/p>\n<p><span style=\"color: #000000;\">La tarea que emprende desemboca en una marcha a trav\u00e9s de su pasado y acompa\u00f1ada por un guardia forestal japon\u00e9s, cont\u00f3 la actriz.<\/span><\/p>\n<p><span style=\"color: #000000;\">Binoche declar\u00f3 la pasi\u00f3n que siente por las tradiciones orientales, como el tao\u00edsmo y el sinto\u00edsmo.<\/span><\/p>\n<p><span style=\"color: #000000;\">Sent\u00ed en esta filmaci\u00f3n un v\u00ednculo muy directo con la naturaleza, m\u00e1s, cuando tenemos una fuerte relaci\u00f3n con plantas, animales o minerales, momento en que nos desvinculamos de todo, hasta de nosotros mismos, declar\u00f3.<\/span><\/p>\n<p><span style=\"color: #000000;\">Tambi\u00e9n me conmovi\u00f3 visitar el bosque japon\u00e9s de Nara (creado en 1880), dijo al describir esa ciudad, situada a los pies del Monte Wakakusa, una monta\u00f1a de 342 metros de altura.<\/span><\/p>\n<p><span style=\"color: #000000;\">La actriz alert\u00f3 adem\u00e1s, sobre la contaminaci\u00f3n y c\u00f3mo vamos a explicarles a las nuevas generaciones los da\u00f1os a nuestra Madre Natura.<\/span><\/p>\n<p><span style=\"color: #000000;\">El filme Visi\u00f3n compite en la Secci\u00f3n Oficial de la 66 edici\u00f3n del Festival Internacional de Cine de San Sebasti\u00e1n, evento que se desarrolla desde el 21 hasta el 29 de septiembre.<\/span><\/p>\n<p><iframe title=\"VISION Trailer | TIFF 2018\" width=\"615\" height=\"346\" src=\"https:\/\/www.youtube.com\/embed\/-ltOgWAnA2A?feature=oembed\" frameborder=\"0\" allow=\"accelerometer; autoplay; clipboard-write; encrypted-media; gyroscope; picture-in-picture; web-share\" referrerpolicy=\"strict-origin-when-cross-origin\" allowfullscreen><\/iframe><\/p>\n","protected":false},"excerpt":{"rendered":"<p>La afamada actriz francesa Juliette Binoche reconoci\u00f3 en San Sebasti\u00e1n la necesidad que tienen las personas de establecer una conexi\u00f3n con la naturaleza. Madrid, 26 de Setiembre 2018, (PL).- La afamada actriz francesa Juliette Binoche reconoci\u00f3 durante una presentaci\u00f3n en el Festival de Cine de San Sebasti\u00e1n la necesidad que tienen hoy las personas de [&hellip;]<\/p>\n","protected":false},"author":1,"featured_media":33903,"comment_status":"open","ping_status":"open","sticky":false,"template":"","format":"standard","meta":{"rop_custom_images_group":[],"rop_custom_messages_group":[],"rop_publish_now":"initial","rop_publish_now_accounts":[],"rop_publish_now_history":[],"rop_publish_now_status":"pending","footnotes":""},"categories":[7],"tags":[3536,2979,3590],"class_list":["post-33901","post","type-post","status-publish","format-standard","has-post-thumbnail","hentry","category-butaca","tag-festival-de-san-sebastian-2018","tag-juliette-binoche","tag-san-sebastian-2018"],"_links":{"self":[{"href":"https:\/\/elinformanteperu.com\/index.php\/wp-json\/wp\/v2\/posts\/33901","targetHints":{"allow":["GET"]}}],"collection":[{"href":"https:\/\/elinformanteperu.com\/index.php\/wp-json\/wp\/v2\/posts"}],"about":[{"href":"https:\/\/elinformanteperu.com\/index.php\/wp-json\/wp\/v2\/types\/post"}],"author":[{"embeddable":true,"href":"https:\/\/elinformanteperu.com\/index.php\/wp-json\/wp\/v2\/users\/1"}],"replies":[{"embeddable":true,"href":"https:\/\/elinformanteperu.com\/index.php\/wp-json\/wp\/v2\/comments?post=33901"}],"version-history":[{"count":1,"href":"https:\/\/elinformanteperu.com\/index.php\/wp-json\/wp\/v2\/posts\/33901\/revisions"}],"predecessor-version":[{"id":33904,"href":"https:\/\/elinformanteperu.com\/index.php\/wp-json\/wp\/v2\/posts\/33901\/revisions\/33904"}],"wp:featuredmedia":[{"embeddable":true,"href":"https:\/\/elinformanteperu.com\/index.php\/wp-json\/wp\/v2\/media\/33903"}],"wp:attachment":[{"href":"https:\/\/elinformanteperu.com\/index.php\/wp-json\/wp\/v2\/media?parent=33901"}],"wp:term":[{"taxonomy":"category","embeddable":true,"href":"https:\/\/elinformanteperu.com\/index.php\/wp-json\/wp\/v2\/categories?post=33901"},{"taxonomy":"post_tag","embeddable":true,"href":"https:\/\/elinformanteperu.com\/index.php\/wp-json\/wp\/v2\/tags?post=33901"}],"curies":[{"name":"wp","href":"https:\/\/api.w.org\/{rel}","templated":true}]}}