{"id":33875,"date":"2018-09-25T21:57:57","date_gmt":"2018-09-26T02:57:57","guid":{"rendered":"http:\/\/elinformanteperu.com\/?p=33875"},"modified":"2018-09-25T21:57:57","modified_gmt":"2018-09-26T02:57:57","slug":"vizcarra-impulsaremos-iniciativas-para-retorno-de-democracia-en-venezuela","status":"publish","type":"post","link":"https:\/\/elinformanteperu.com\/index.php\/2018\/09\/25\/vizcarra-impulsaremos-iniciativas-para-retorno-de-democracia-en-venezuela\/","title":{"rendered":"Vizcarra: impulsaremos iniciativas para retorno de democracia en Venezuela"},"content":{"rendered":"<p><strong><span style=\"color: #000000;\">El presidente, Mart\u00edn Vizcarra, sostuvo que el Per\u00fa continuar\u00e1 impulsando iniciativas el Grupo de Lima para apoyar el retorno a la democracia en Venezuela.<\/span><\/strong><\/p>\n<p><span style=\"color: #000000;\"><strong>Lima, 25 de Setiembre 2018, (ANDINA).-<\/strong> El presidente de la Rep\u00fablica, Mart\u00edn Vizcarra, sostuvo que el Per\u00fa continuar\u00e1 impulsando iniciativas, en el marco de la Organizaci\u00f3n de Estados Americas (OEA), el Grupo de Lima, y otros foros multilaterales, para apoyar el retorno a la democracia en Venezuela.<\/span><\/p>\n<p><span style=\"color: #000000;\">Dijo que el Per\u00fa siempre mostr\u00f3 una vocaci\u00f3n democr\u00e1tica, la misma que se reflej\u00f3 en el liderazgo de la adopci\u00f3n de la Carta Democr\u00e1tica Interamericana, donde se expresa el compromiso de los pa\u00edses en la defensa de la democracia y el respeto a los derechos humanos y libertades fundamentales en la regi\u00f3n.<\/span><\/p>\n<p><span style=\"color: #000000;\">\u201cPor esta raz\u00f3n el Per\u00fa condena la ruptura del orden constitucional en Venezuela. Continuaremos impulsando iniciativas en el marco de la OEA, el Grupo de Lima, as\u00ed como en otros foros multilaterales, para ayudar al restablecimiento de la democracia en ese hermano pa\u00eds\u201d, subray\u00f3 el jefe del Estado.<\/span><\/p>\n<p><span style=\"color: #000000;\">Durante su discurso en el 73 periodo de sesiones de la Asamblea General de las Naciones Unidas, expres\u00f3 su preocupaci\u00f3n y condena por las graves violaciones a los derechos humanos denunciadas por el Alto Comisionado de las Naciones Unidas para los Derechos Humanos y la Comisi\u00f3n Interamericana de Derechos Humanos.<\/span><\/p>\n<p><span style=\"color: #000000;\">\u201cAdem\u00e1s de esto, el Per\u00fa viene impulsando una denuncia ante la fiscal de la Corte Penal Internacional a fin de sancionar los cr\u00edmenes cometidos en Venezuela\u201d, refiri\u00f3.<\/span><\/p>\n<p><span style=\"color: #000000;\">En ese sentido, el mandatario expres\u00f3 su \u201cinquebrantable solidaridad\u201d con el pueblo venezolano e hizo un llamado a la urgente atenci\u00f3n de la grave crisis humanitaria que atraviesa dicho pa\u00eds, la cual ha ocasionado un flujo masivo de migrantes y refugiados a toda la regi\u00f3n.<\/span><\/p>\n<p><span style=\"color: #000000;\">\u201cMi gobierno ha adoptado medidas para facilitar la regularizaci\u00f3n migratoria e integraci\u00f3n laboral de los m\u00e1s de 450 mil ciudadanos venezolanos que han llegado al Per\u00fa en b\u00fasqueda de un futuro digno. Sin embargo, la magnitud de ese \u00e9xodo no tiene precedentes en nuestra regi\u00f3n y requiere respuestas colectivas de parte de la comunidad internacional\u201d, se\u00f1al\u00f3.<\/span><\/p>\n","protected":false},"excerpt":{"rendered":"<p>El presidente, Mart\u00edn Vizcarra, sostuvo que el Per\u00fa continuar\u00e1 impulsando iniciativas el Grupo de Lima para apoyar el retorno a la democracia en Venezuela. Lima, 25 de Setiembre 2018, (ANDINA).- El presidente de la Rep\u00fablica, Mart\u00edn Vizcarra, sostuvo que el Per\u00fa continuar\u00e1 impulsando iniciativas, en el marco de la Organizaci\u00f3n de Estados Americas (OEA), el [&hellip;]<\/p>\n","protected":false},"author":1,"featured_media":33877,"comment_status":"open","ping_status":"open","sticky":false,"template":"","format":"standard","meta":{"rop_custom_images_group":[],"rop_custom_messages_group":[],"rop_publish_now":"initial","rop_publish_now_accounts":[],"rop_publish_now_history":[],"rop_publish_now_status":"pending","footnotes":""},"categories":[5],"tags":[284,289,3603,1693,171],"class_list":["post-33875","post","type-post","status-publish","format-standard","has-post-thumbnail","hentry","category-actualidad-informativa","tag-ejecutivo","tag-martin-vizcarra","tag-naciones-unidas","tag-onu","tag-venezuela"],"_links":{"self":[{"href":"https:\/\/elinformanteperu.com\/index.php\/wp-json\/wp\/v2\/posts\/33875","targetHints":{"allow":["GET"]}}],"collection":[{"href":"https:\/\/elinformanteperu.com\/index.php\/wp-json\/wp\/v2\/posts"}],"about":[{"href":"https:\/\/elinformanteperu.com\/index.php\/wp-json\/wp\/v2\/types\/post"}],"author":[{"embeddable":true,"href":"https:\/\/elinformanteperu.com\/index.php\/wp-json\/wp\/v2\/users\/1"}],"replies":[{"embeddable":true,"href":"https:\/\/elinformanteperu.com\/index.php\/wp-json\/wp\/v2\/comments?post=33875"}],"version-history":[{"count":1,"href":"https:\/\/elinformanteperu.com\/index.php\/wp-json\/wp\/v2\/posts\/33875\/revisions"}],"predecessor-version":[{"id":33878,"href":"https:\/\/elinformanteperu.com\/index.php\/wp-json\/wp\/v2\/posts\/33875\/revisions\/33878"}],"wp:featuredmedia":[{"embeddable":true,"href":"https:\/\/elinformanteperu.com\/index.php\/wp-json\/wp\/v2\/media\/33877"}],"wp:attachment":[{"href":"https:\/\/elinformanteperu.com\/index.php\/wp-json\/wp\/v2\/media?parent=33875"}],"wp:term":[{"taxonomy":"category","embeddable":true,"href":"https:\/\/elinformanteperu.com\/index.php\/wp-json\/wp\/v2\/categories?post=33875"},{"taxonomy":"post_tag","embeddable":true,"href":"https:\/\/elinformanteperu.com\/index.php\/wp-json\/wp\/v2\/tags?post=33875"}],"curies":[{"name":"wp","href":"https:\/\/api.w.org\/{rel}","templated":true}]}}