{"id":33871,"date":"2018-09-25T21:55:27","date_gmt":"2018-09-26T02:55:27","guid":{"rendered":"http:\/\/elinformanteperu.com\/?p=33871"},"modified":"2018-09-25T21:55:27","modified_gmt":"2018-09-26T02:55:27","slug":"vizcarra-peru-promovera-resolucion-para-reforzar-lucha-contra-corrupcion","status":"publish","type":"post","link":"https:\/\/elinformanteperu.com\/index.php\/2018\/09\/25\/vizcarra-peru-promovera-resolucion-para-reforzar-lucha-contra-corrupcion\/","title":{"rendered":"Vizcarra: Per\u00fa promover\u00e1 resoluci\u00f3n para reforzar lucha contra corrupci\u00f3n"},"content":{"rendered":"<p><strong><span style=\"color: #000000;\">El presidente de la Rep\u00fablica, Mart\u00edn Vizcarra, anunci\u00f3 que el Per\u00fa promover\u00e1 una resoluci\u00f3n con la finalidad de reforzar la cooperaci\u00f3n en la lucha contra la corrupci\u00f3n.<\/span><\/strong><\/p>\n<p><span style=\"color: #000000;\"><strong>Lima, 25 de Setiembre 2018, (ANDINA).-<\/strong> El presidente de la Rep\u00fablica, Mart\u00edn Vizcarra, anunci\u00f3 que el Per\u00fa promover\u00e1 una resoluci\u00f3n, en el \u00e1mbito de la Convenci\u00f3n de las Naciones Unidas, con la finalidad de reforzar la cooperaci\u00f3n en la lucha contra la corrupci\u00f3n.<\/span><\/p>\n<p><span style=\"color: #000000;\">Durante su participaci\u00f3n como orador en la 73 Asamblea General de las Naciones Unidas, manifest\u00f3 que la corrupci\u00f3n desv\u00eda cada a\u00f1o el 5% del PBI mundial al enriquecimiento de unos pocos, en lugar de dirigir estos recursos al cumplimento efectivo de los Objetivos de Desarrollo Sostenible.<\/span><\/p>\n<p><span style=\"color: #000000;\">\u201cQuisiera anunciar que el Per\u00fa promover\u00e1 la adopci\u00f3n de una resoluci\u00f3n en el \u00e1mbito de la Convenci\u00f3n de las Naciones Unidas contra la Corrupci\u00f3n y su Conferencia de Estados Partes, orientada a reforzar la cooperaci\u00f3n requerida para luchar contra este flagelo, en particular la gran corrupci\u00f3n y sus alcances transnacionales\u201d, afirm\u00f3.<\/span><\/p>\n<p><span style=\"color: #000000;\">Asimismo, manifest\u00f3 que promover\u00e1n \u201cuna decidida acci\u00f3n\u201d de la Asamblea General para que todos los Estados \u201crenovemos nuestro compromiso pol\u00edtico contra la corrupci\u00f3n y exploremos nuevas y m\u00e1s efectivas formas de combatirla\u201d.<\/span><\/p>\n<p><span style=\"color: #000000;\">El mandatario record\u00f3 que a los pocos d\u00edas de comenzar su mandato, recibi\u00f3 a los mandatarios de 30 pa\u00edses, en la VIII Cumbre de las Am\u00e9ricas, que tuvo como resultado la firma del Compromiso de Lima, \u00abGobernabilidad Democr\u00e1tica Frente a la Corrupci\u00f3n\u201d.<\/span><\/p>\n<p><span style=\"color: #000000;\">Dicho acuerdo, dijo Vizcarra, comprende 57 medidas y acciones concretas para fortalecer la lucha contra la corrupci\u00f3n y la cooperaci\u00f3n regional en esta materia.<\/span><\/p>\n<p><span style=\"color: #000000;\">Entre ellas, figura el impuso de la transparencia, la rendici\u00f3n de cuentas y bancarizaci\u00f3n de las campa\u00f1as electorales de los partidos pol\u00edticos, as\u00ed como un llamado a los pa\u00edses del hemisferio a considerar restringir el acceso a la funci\u00f3n p\u00fablica de personas condenadas por actos de corrupci\u00f3n.<\/span><\/p>\n<p><span style=\"color: #000000;\">En ese sentido, explic\u00f3 que es consciente que la corrupci\u00f3n \u201cafecta la gobernabilidad democr\u00e1tica y el Estado de derecho\u201d y que nada se puede construir sobre la base de entidades inmersas en la corrupci\u00f3n.<\/span><\/p>\n<p><span style=\"color: #000000;\">\u201cPor ello, una de las primeras decisiones de mi gobierno fue establecer la \u201cPol\u00edtica General de Gobierno a 2021\u201d, que tiene como principales ejes la integridad y lucha contra la corrupci\u00f3n; y el fortalecimiento institucional para la gobernabilidad\u201d, se\u00f1al\u00f3.<\/span><\/p>\n<p><span style=\"color: #000000;\">En este marco, record\u00f3, tambi\u00e9n fue aprobado el \u201cPlan Nacional de Integridad y Lucha contra la Corrupci\u00f3n 2018-2021\u201d.<\/span><\/p>\n","protected":false},"excerpt":{"rendered":"<p>El presidente de la Rep\u00fablica, Mart\u00edn Vizcarra, anunci\u00f3 que el Per\u00fa promover\u00e1 una resoluci\u00f3n con la finalidad de reforzar la cooperaci\u00f3n en la lucha contra la corrupci\u00f3n. Lima, 25 de Setiembre 2018, (ANDINA).- El presidente de la Rep\u00fablica, Mart\u00edn Vizcarra, anunci\u00f3 que el Per\u00fa promover\u00e1 una resoluci\u00f3n, en el \u00e1mbito de la Convenci\u00f3n de las [&hellip;]<\/p>\n","protected":false},"author":1,"featured_media":33873,"comment_status":"open","ping_status":"open","sticky":false,"template":"","format":"standard","meta":{"rop_custom_images_group":[],"rop_custom_messages_group":[],"rop_publish_now":"initial","rop_publish_now_accounts":[],"rop_publish_now_history":[],"rop_publish_now_status":"pending","footnotes":""},"categories":[5],"tags":[289,3603,1693,1421],"class_list":["post-33871","post","type-post","status-publish","format-standard","has-post-thumbnail","hentry","category-actualidad-informativa","tag-martin-vizcarra","tag-naciones-unidas","tag-onu","tag-poder-ejecutivo"],"_links":{"self":[{"href":"https:\/\/elinformanteperu.com\/index.php\/wp-json\/wp\/v2\/posts\/33871","targetHints":{"allow":["GET"]}}],"collection":[{"href":"https:\/\/elinformanteperu.com\/index.php\/wp-json\/wp\/v2\/posts"}],"about":[{"href":"https:\/\/elinformanteperu.com\/index.php\/wp-json\/wp\/v2\/types\/post"}],"author":[{"embeddable":true,"href":"https:\/\/elinformanteperu.com\/index.php\/wp-json\/wp\/v2\/users\/1"}],"replies":[{"embeddable":true,"href":"https:\/\/elinformanteperu.com\/index.php\/wp-json\/wp\/v2\/comments?post=33871"}],"version-history":[{"count":1,"href":"https:\/\/elinformanteperu.com\/index.php\/wp-json\/wp\/v2\/posts\/33871\/revisions"}],"predecessor-version":[{"id":33874,"href":"https:\/\/elinformanteperu.com\/index.php\/wp-json\/wp\/v2\/posts\/33871\/revisions\/33874"}],"wp:featuredmedia":[{"embeddable":true,"href":"https:\/\/elinformanteperu.com\/index.php\/wp-json\/wp\/v2\/media\/33873"}],"wp:attachment":[{"href":"https:\/\/elinformanteperu.com\/index.php\/wp-json\/wp\/v2\/media?parent=33871"}],"wp:term":[{"taxonomy":"category","embeddable":true,"href":"https:\/\/elinformanteperu.com\/index.php\/wp-json\/wp\/v2\/categories?post=33871"},{"taxonomy":"post_tag","embeddable":true,"href":"https:\/\/elinformanteperu.com\/index.php\/wp-json\/wp\/v2\/tags?post=33871"}],"curies":[{"name":"wp","href":"https:\/\/api.w.org\/{rel}","templated":true}]}}